{"id":264,"date":"2013-11-25T22:57:23","date_gmt":"2013-11-25T21:57:23","guid":{"rendered":"https:\/\/eleb.it\/?p=264"},"modified":"2013-11-28T14:27:19","modified_gmt":"2013-11-28T13:27:19","slug":"laduree-la-maison-dei-macarons-nel-cuore-di-roma","status":"publish","type":"post","link":"https:\/\/eleb.it\/?p=264","title":{"rendered":"Ladur\u00e8e, la maison dei macarons nel cuore di Roma"},"content":{"rendered":"<p>Una finestra sulla Parigi boh\u00e9mien si apre a Roma in via Borgognona: la pasticceria e confetteria Ladur\u00e9e. I colori tenui, l&#8217;odore di vaniglia e nocciola e la cordialit\u00e0 dei pasticceri ti portano via dalla routine in un viaggio dolcissimo. Non so se sono attratta pi\u00f9 dall&#8217;ambiente di questo scrigno parigino o<!--more--> dai suoi squisiti macarons. Piccole meringhe farcite e coloratissime. Ce n&#8217;\u00e8 proprio per tutti i palati: vaniglia, fragola, pistacchio e poi cioccolato, caramello e castagna. Mmm&#8230;una bont\u00e0. Nonostante il costo, piuttosto elevato, non posso farmi scappare l&#8217;occasione di provare i nuovi gusti. E allora scelgo una piccola scatolina verde salvia, bellissima, e ne seleziono otto. Il pasticcere meticolosamente li incarta e me li consegna. Non appena esco e giro l&#8217;angolo li inizio a dimorare&#8230;splendidi!!!Li adoro&#8230;come direbbe mia nonna Giuliana: io mangio con gli occhi, non con la bocca!\n\t\t<style type=\"text\/css\">\n\t\t\t#gallery-1 {\n\t\t\t\tmargin: auto;\n\t\t\t}\n\t\t\t#gallery-1 .gallery-item {\n\t\t\t\tfloat: left;\n\t\t\t\tmargin-top: 10px;\n\t\t\t\ttext-align: center;\n\t\t\t\twidth: 33%;\n\t\t\t}\n\t\t\t#gallery-1 img {\n\t\t\t\tborder: 2px solid #cfcfcf;\n\t\t\t}\n\t\t\t#gallery-1 .gallery-caption {\n\t\t\t\tmargin-left: 0;\n\t\t\t}\n\t\t\t\/* see gallery_shortcode() in wp-includes\/media.php *\/\n\t\t<\/style>\n\t\t<div id='gallery-1' class='gallery galleryid-264 gallery-columns-3 gallery-size-thumbnail'><dl class='gallery-item'>\n\t\t\t<dt class='gallery-icon landscape'>\n\t\t\t\t<a href='https:\/\/eleb.it\/?attachment_id=249'><img loading=\"lazy\" decoding=\"async\" width=\"150\" height=\"150\" src=\"https:\/\/eleb.it\/wp-content\/uploads\/2013\/11\/Ladur\u00e9e-maison-de-macarons-1-150x150.jpg\" class=\"attachment-thumbnail size-thumbnail\" alt=\"\" srcset=\"https:\/\/eleb.it\/wp-content\/uploads\/2013\/11\/Ladur\u00e9e-maison-de-macarons-1-150x150.jpg 150w, https:\/\/eleb.it\/wp-content\/uploads\/2013\/11\/Ladur\u00e9e-maison-de-macarons-1-100x100.jpg 100w\" sizes=\"(max-width: 150px) 100vw, 150px\" \/><\/a>\n\t\t\t<\/dt><\/dl><dl class='gallery-item'>\n\t\t\t<dt class='gallery-icon landscape'>\n\t\t\t\t<a href='https:\/\/eleb.it\/?attachment_id=250'><img loading=\"lazy\" decoding=\"async\" width=\"150\" height=\"150\" src=\"https:\/\/eleb.it\/wp-content\/uploads\/2013\/11\/Ladur\u00e9e-maison-de-macarons-2-150x150.jpg\" class=\"attachment-thumbnail size-thumbnail\" alt=\"\" srcset=\"https:\/\/eleb.it\/wp-content\/uploads\/2013\/11\/Ladur\u00e9e-maison-de-macarons-2-150x150.jpg 150w, https:\/\/eleb.it\/wp-content\/uploads\/2013\/11\/Ladur\u00e9e-maison-de-macarons-2-100x100.jpg 100w\" sizes=\"(max-width: 150px) 100vw, 150px\" \/><\/a>\n\t\t\t<\/dt><\/dl><dl class='gallery-item'>\n\t\t\t<dt class='gallery-icon landscape'>\n\t\t\t\t<a href='https:\/\/eleb.it\/?attachment_id=251'><img loading=\"lazy\" decoding=\"async\" width=\"150\" height=\"150\" src=\"https:\/\/eleb.it\/wp-content\/uploads\/2013\/11\/Ladur\u00e9e-maison-de-macarons-3-150x150.jpg\" class=\"attachment-thumbnail size-thumbnail\" alt=\"\" srcset=\"https:\/\/eleb.it\/wp-content\/uploads\/2013\/11\/Ladur\u00e9e-maison-de-macarons-3-150x150.jpg 150w, https:\/\/eleb.it\/wp-content\/uploads\/2013\/11\/Ladur\u00e9e-maison-de-macarons-3-100x100.jpg 100w\" sizes=\"(max-width: 150px) 100vw, 150px\" \/><\/a>\n\t\t\t<\/dt><\/dl><br style=\"clear: both\" \/><dl class='gallery-item'>\n\t\t\t<dt class='gallery-icon landscape'>\n\t\t\t\t<a href='https:\/\/eleb.it\/?attachment_id=252'><img loading=\"lazy\" decoding=\"async\" width=\"150\" height=\"150\" src=\"https:\/\/eleb.it\/wp-content\/uploads\/2013\/11\/Ladur\u00e9e-maison-de-macarons-4-150x150.jpg\" class=\"attachment-thumbnail size-thumbnail\" alt=\"\" srcset=\"https:\/\/eleb.it\/wp-content\/uploads\/2013\/11\/Ladur\u00e9e-maison-de-macarons-4-150x150.jpg 150w, https:\/\/eleb.it\/wp-content\/uploads\/2013\/11\/Ladur\u00e9e-maison-de-macarons-4-100x100.jpg 100w\" sizes=\"(max-width: 150px) 100vw, 150px\" \/><\/a>\n\t\t\t<\/dt><\/dl><dl class='gallery-item'>\n\t\t\t<dt class='gallery-icon landscape'>\n\t\t\t\t<a href='https:\/\/eleb.it\/?attachment_id=253'><img loading=\"lazy\" decoding=\"async\" width=\"150\" height=\"150\" src=\"https:\/\/eleb.it\/wp-content\/uploads\/2013\/11\/Ladur\u00e9e-maison-de-macarons-5-150x150.jpg\" class=\"attachment-thumbnail size-thumbnail\" alt=\"\" srcset=\"https:\/\/eleb.it\/wp-content\/uploads\/2013\/11\/Ladur\u00e9e-maison-de-macarons-5-150x150.jpg 150w, https:\/\/eleb.it\/wp-content\/uploads\/2013\/11\/Ladur\u00e9e-maison-de-macarons-5-100x100.jpg 100w\" sizes=\"(max-width: 150px) 100vw, 150px\" \/><\/a>\n\t\t\t<\/dt><\/dl>\n\t\t\t<br style='clear: both' \/>\n\t\t<\/div>\n<\/p>\n<div id=\"fb-root\"><\/div><script src=\"http:\/\/connect.facebook.net\/en_US\/all.js#xfbml=1\"><\/script><fb:like href=\"https:\/\/eleb.it\/?p=264\" send=\"false\" layout=\"standard\" width=\"450\" show_faces=\"true\" font=\"arial\" action=\"like\" colorscheme=\"light\"><\/fb:like>","protected":false},"excerpt":{"rendered":"<p>Una finestra sulla Parigi boh\u00e9mien si apre a Roma in via Borgognona: la pasticceria e confetteria Ladur\u00e9e. I colori tenui, l&#8217;odore di vaniglia e nocciola e la cordialit\u00e0 dei pasticceri ti portano via dalla routine in un viaggio dolcissimo. Non so se sono attratta pi\u00f9 dall&#8217;ambiente di questo scrigno parigino o<\/p>\n","protected":false},"author":2,"featured_media":252,"comment_status":"open","ping_status":"open","sticky":false,"template":"","format":"standard","meta":{"footnotes":""},"categories":[5],"tags":[],"class_list":["post-264","post","type-post","status-publish","format-standard","has-post-thumbnail","hentry","category-kitchen","entry"],"aioseo_notices":[],"_links":{"self":[{"href":"https:\/\/eleb.it\/index.php?rest_route=\/wp\/v2\/posts\/264"}],"collection":[{"href":"https:\/\/eleb.it\/index.php?rest_route=\/wp\/v2\/posts"}],"about":[{"href":"https:\/\/eleb.it\/index.php?rest_route=\/wp\/v2\/types\/post"}],"author":[{"embeddable":true,"href":"https:\/\/eleb.it\/index.php?rest_route=\/wp\/v2\/users\/2"}],"replies":[{"embeddable":true,"href":"https:\/\/eleb.it\/index.php?rest_route=%2Fwp%2Fv2%2Fcomments&post=264"}],"version-history":[{"count":2,"href":"https:\/\/eleb.it\/index.php?rest_route=\/wp\/v2\/posts\/264\/revisions"}],"predecessor-version":[{"id":344,"href":"https:\/\/eleb.it\/index.php?rest_route=\/wp\/v2\/posts\/264\/revisions\/344"}],"wp:featuredmedia":[{"embeddable":true,"href":"https:\/\/eleb.it\/index.php?rest_route=\/wp\/v2\/media\/252"}],"wp:attachment":[{"href":"https:\/\/eleb.it\/index.php?rest_route=%2Fwp%2Fv2%2Fmedia&parent=264"}],"wp:term":[{"taxonomy":"category","embeddable":true,"href":"https:\/\/eleb.it\/index.php?rest_route=%2Fwp%2Fv2%2Fcategories&post=264"},{"taxonomy":"post_tag","embeddable":true,"href":"https:\/\/eleb.it\/index.php?rest_route=%2Fwp%2Fv2%2Ftags&post=264"}],"curies":[{"name":"wp","href":"https:\/\/api.w.org\/{rel}","templated":true}]}}