{"id":271,"date":"2013-11-27T00:00:06","date_gmt":"2013-11-26T23:00:06","guid":{"rendered":"https:\/\/eleb.it\/?p=271"},"modified":"2013-11-28T14:28:27","modified_gmt":"2013-11-28T13:28:27","slug":"sempre-perfetta-con-la-mia-bb-cream","status":"publish","type":"post","link":"https:\/\/eleb.it\/?p=271","title":{"rendered":"Sempre perfetta con la mia BB Cream di Garnier"},"content":{"rendered":"<p>Ormai la tintarella \u00e8 solo un ricordo quindi per ovviare a rossi e imperfezioni di ogni tipo l&#8217;unica soluzione \u00e8 creare un prodotto adatto che non crei l&#8217;effetto maschera. Non ci avrei mai pensato ma quello che cercavo esiste davvero: BB Cream di Garnier. Un piccolo tubicino color <!--more-->crema dal quale esce un liquido miracoloso. Crema idratante colorata e anti imperfezioni, perfetta direi. Quando l&#8217;ho vista l&#8217;ho acquistata subito, tanto una pi\u00f9 una in meno. Alla fine per\u00f2 mi sono ricreduta. Questo \u00e8 un prodotto ottimo. La mattina dopo essermi lavata il viso senso un velo di crea, perch\u00e9 ho la pelle secca, e poi stendo la BB Cream. Un piccolo gesto che mi ha risolto centinaia di problemi. \u00c8 proprio il caso di dirlo: grazie pubblicit\u00e0 che mi hai fatto conoscere la BB cream!\n\t\t<style type=\"text\/css\">\n\t\t\t#gallery-1 {\n\t\t\t\tmargin: auto;\n\t\t\t}\n\t\t\t#gallery-1 .gallery-item {\n\t\t\t\tfloat: left;\n\t\t\t\tmargin-top: 10px;\n\t\t\t\ttext-align: center;\n\t\t\t\twidth: 33%;\n\t\t\t}\n\t\t\t#gallery-1 img {\n\t\t\t\tborder: 2px solid #cfcfcf;\n\t\t\t}\n\t\t\t#gallery-1 .gallery-caption {\n\t\t\t\tmargin-left: 0;\n\t\t\t}\n\t\t\t\/* see gallery_shortcode() in wp-includes\/media.php *\/\n\t\t<\/style>\n\t\t<div id='gallery-1' class='gallery galleryid-271 gallery-columns-3 gallery-size-thumbnail'><dl class='gallery-item'>\n\t\t\t<dt class='gallery-icon landscape'>\n\t\t\t\t<a href='https:\/\/eleb.it\/?attachment_id=274'><img loading=\"lazy\" decoding=\"async\" width=\"150\" height=\"150\" src=\"https:\/\/eleb.it\/wp-content\/uploads\/2013\/11\/IMG_00000426-150x150.jpg\" class=\"attachment-thumbnail size-thumbnail\" alt=\"\" srcset=\"https:\/\/eleb.it\/wp-content\/uploads\/2013\/11\/IMG_00000426-150x150.jpg 150w, https:\/\/eleb.it\/wp-content\/uploads\/2013\/11\/IMG_00000426-100x100.jpg 100w\" sizes=\"(max-width: 150px) 100vw, 150px\" \/><\/a>\n\t\t\t<\/dt><\/dl><dl class='gallery-item'>\n\t\t\t<dt class='gallery-icon landscape'>\n\t\t\t\t<a href='https:\/\/eleb.it\/?attachment_id=273'><img loading=\"lazy\" decoding=\"async\" width=\"150\" height=\"150\" src=\"https:\/\/eleb.it\/wp-content\/uploads\/2013\/11\/IMG_00000422-150x150.jpg\" class=\"attachment-thumbnail size-thumbnail\" alt=\"\" srcset=\"https:\/\/eleb.it\/wp-content\/uploads\/2013\/11\/IMG_00000422-150x150.jpg 150w, https:\/\/eleb.it\/wp-content\/uploads\/2013\/11\/IMG_00000422-100x100.jpg 100w\" sizes=\"(max-width: 150px) 100vw, 150px\" \/><\/a>\n\t\t\t<\/dt><\/dl><dl class='gallery-item'>\n\t\t\t<dt class='gallery-icon portrait'>\n\t\t\t\t<a href='https:\/\/eleb.it\/?attachment_id=272'><img loading=\"lazy\" decoding=\"async\" width=\"150\" height=\"150\" src=\"https:\/\/eleb.it\/wp-content\/uploads\/2013\/11\/IMG_00000420-150x150.jpg\" class=\"attachment-thumbnail size-thumbnail\" alt=\"\" srcset=\"https:\/\/eleb.it\/wp-content\/uploads\/2013\/11\/IMG_00000420-150x150.jpg 150w, https:\/\/eleb.it\/wp-content\/uploads\/2013\/11\/IMG_00000420-100x100.jpg 100w\" sizes=\"(max-width: 150px) 100vw, 150px\" \/><\/a>\n\t\t\t<\/dt><\/dl><br style=\"clear: both\" \/>\n\t\t<\/div>\n<\/p>\n<div id=\"fb-root\"><\/div><script src=\"http:\/\/connect.facebook.net\/en_US\/all.js#xfbml=1\"><\/script><fb:like href=\"https:\/\/eleb.it\/?p=271\" send=\"false\" layout=\"standard\" width=\"450\" show_faces=\"true\" font=\"arial\" action=\"like\" colorscheme=\"light\"><\/fb:like>","protected":false},"excerpt":{"rendered":"<p>Ormai la tintarella \u00e8 solo un ricordo quindi per ovviare a rossi e imperfezioni di ogni tipo l&#8217;unica soluzione \u00e8 creare un prodotto adatto che non crei l&#8217;effetto maschera. Non ci avrei mai pensato ma quello che cercavo esiste davvero: BB Cream di Garnier. Un piccolo tubicino color<\/p>\n","protected":false},"author":2,"featured_media":272,"comment_status":"open","ping_status":"open","sticky":false,"template":"","format":"standard","meta":{"footnotes":""},"categories":[8],"tags":[],"class_list":["post-271","post","type-post","status-publish","format-standard","has-post-thumbnail","hentry","category-style","entry"],"aioseo_notices":[],"_links":{"self":[{"href":"https:\/\/eleb.it\/index.php?rest_route=\/wp\/v2\/posts\/271"}],"collection":[{"href":"https:\/\/eleb.it\/index.php?rest_route=\/wp\/v2\/posts"}],"about":[{"href":"https:\/\/eleb.it\/index.php?rest_route=\/wp\/v2\/types\/post"}],"author":[{"embeddable":true,"href":"https:\/\/eleb.it\/index.php?rest_route=\/wp\/v2\/users\/2"}],"replies":[{"embeddable":true,"href":"https:\/\/eleb.it\/index.php?rest_route=%2Fwp%2Fv2%2Fcomments&post=271"}],"version-history":[{"count":3,"href":"https:\/\/eleb.it\/index.php?rest_route=\/wp\/v2\/posts\/271\/revisions"}],"predecessor-version":[{"id":346,"href":"https:\/\/eleb.it\/index.php?rest_route=\/wp\/v2\/posts\/271\/revisions\/346"}],"wp:featuredmedia":[{"embeddable":true,"href":"https:\/\/eleb.it\/index.php?rest_route=\/wp\/v2\/media\/272"}],"wp:attachment":[{"href":"https:\/\/eleb.it\/index.php?rest_route=%2Fwp%2Fv2%2Fmedia&parent=271"}],"wp:term":[{"taxonomy":"category","embeddable":true,"href":"https:\/\/eleb.it\/index.php?rest_route=%2Fwp%2Fv2%2Fcategories&post=271"},{"taxonomy":"post_tag","embeddable":true,"href":"https:\/\/eleb.it\/index.php?rest_route=%2Fwp%2Fv2%2Ftags&post=271"}],"curies":[{"name":"wp","href":"https:\/\/api.w.org\/{rel}","templated":true}]}}