{"id":282,"date":"2013-11-28T09:36:57","date_gmt":"2013-11-28T08:36:57","guid":{"rendered":"https:\/\/eleb.it\/?p=282"},"modified":"2013-11-28T14:26:24","modified_gmt":"2013-11-28T13:26:24","slug":"gay-pride-roma-luglio-2010","status":"publish","type":"post","link":"https:\/\/eleb.it\/?p=282","title":{"rendered":"Gay pride a Roma, come abbattere il muro di diffidenza"},"content":{"rendered":"<p>Un fiume colorato di gente in festa per abbattere il muro di diffidenza contro l&#8217;omosessualit\u00e0. \u00c9 questa la fotografia del Gay Pride che \u00e9 rimasta impressa nella mia mente dal 3 luglio 2010, quando l&#8217;allegro carrozzone multicolor ha sfilato per le vie della citt\u00e0 Santa. Non ho visto nessun <!--more-->oltraggio, nessuna offesa ma solo la voglia di mostrare agli altri cosa \u00e9 veramente il mondo gay. La grande sfilata canterina ha fatto il giro del centro storico della capitale per poi solcare via dei Fori imperiali e approdare in piazza Venezia. Proprio su quella lunga via dove un tempo passeggiavano vittoriosi i gladiatori &#8211; per i quali l&#8217;omofobia non era certo un nemico da combattere come per il popolo del Terzo millennio &#8211; gay, trans e lesbiche hanno concluso la loro manifestazione colmi di gioia e di orgoglio. Il corteo non \u00e9 stata solo una trovata per divertirsi e invadere le strade della citt\u00e0 eterna, ma anche un momento per riportare l&#8217;attenzione sugli episodi di omofobia che negli ultimi tempi occupano le pagine della cronaca locale. Avere gusti &#8220;diversi&#8221;non pu\u00f2\u00a0essere sinonimo di paura e terrore, non si pu\u00f2 aver paura di manifestare quello che si prova. Purtroppo per\u00f2 l&#8217;evoluzione intellettuale dell&#8217;uomo \u00e9 troppo lontana ancora da queste aperture mentali e spesso ci\u00f2 crea disagi all&#8217;intera societ\u00e0. Quello che ho notato negli occhi delle persone, donne e uomini, che ballando sfilavano lungo via dei Fori imperiali era una sorta di timidezza, come se volevano far sentire la loro voce ma con il rossore in viso.\u00a0Anche le coloratissime drag queen dietro le piume e i lustrini nascondevano un cuore da bambine che mi ha fatto tenerezza. Nella sfilata ovviamente non \u00e9 mancato lo spettacolo. Dai camion adibiti per l\u2019occasione a mo di carri allegorici veniva \u201cpompata\u201d la musica del momento, mentre giovani cubisti si scatenavano nelle danze. Molti gli appelli dei responsabili dei circoli omosessuali e dei politici che hanno aperto il corteo. Balli, canti e cori da stadio hanno poi rallegrato il lungo serpentone variegato con uomini in giacca e cravatta, muscolosi ragazzi in canotta e jeans e poi donzelle alte due metri vestite da wonder woman o da angioletti. Nonostante ci fosse un doppio cordone di Forze dell\u2019ordine pronti a far sgomberare la piazza con la stessa allegria con la quale erano arrivati, i giovani e non del gay pride, all\u2019annuncio dello speaker di sciogliere il corteo si sono salutati e pian piano hanno lasciato il centro della citt\u00e0 felici di essere stati per un giorno loro i veri protagonisti della scena.\n\t\t<style type=\"text\/css\">\n\t\t\t#gallery-1 {\n\t\t\t\tmargin: auto;\n\t\t\t}\n\t\t\t#gallery-1 .gallery-item {\n\t\t\t\tfloat: left;\n\t\t\t\tmargin-top: 10px;\n\t\t\t\ttext-align: center;\n\t\t\t\twidth: 33%;\n\t\t\t}\n\t\t\t#gallery-1 img {\n\t\t\t\tborder: 2px solid #cfcfcf;\n\t\t\t}\n\t\t\t#gallery-1 .gallery-caption {\n\t\t\t\tmargin-left: 0;\n\t\t\t}\n\t\t\t\/* see gallery_shortcode() in wp-includes\/media.php *\/\n\t\t<\/style>\n\t\t<div id='gallery-1' class='gallery galleryid-282 gallery-columns-3 gallery-size-thumbnail'><dl class='gallery-item'>\n\t\t\t<dt class='gallery-icon portrait'>\n\t\t\t\t<a href='https:\/\/eleb.it\/?attachment_id=283'><img loading=\"lazy\" decoding=\"async\" width=\"150\" height=\"150\" src=\"https:\/\/eleb.it\/wp-content\/uploads\/2013\/11\/Gay-pride-Roma7-150x150.jpg\" class=\"attachment-thumbnail size-thumbnail\" alt=\"\" srcset=\"https:\/\/eleb.it\/wp-content\/uploads\/2013\/11\/Gay-pride-Roma7-150x150.jpg 150w, https:\/\/eleb.it\/wp-content\/uploads\/2013\/11\/Gay-pride-Roma7-100x100.jpg 100w\" sizes=\"(max-width: 150px) 100vw, 150px\" \/><\/a>\n\t\t\t<\/dt><\/dl><dl class='gallery-item'>\n\t\t\t<dt class='gallery-icon landscape'>\n\t\t\t\t<a href='https:\/\/eleb.it\/?attachment_id=284'><img loading=\"lazy\" decoding=\"async\" width=\"150\" height=\"150\" src=\"https:\/\/eleb.it\/wp-content\/uploads\/2013\/11\/Gay-pride-Roma12-150x150.jpg\" class=\"attachment-thumbnail size-thumbnail\" alt=\"\" srcset=\"https:\/\/eleb.it\/wp-content\/uploads\/2013\/11\/Gay-pride-Roma12-150x150.jpg 150w, https:\/\/eleb.it\/wp-content\/uploads\/2013\/11\/Gay-pride-Roma12-100x100.jpg 100w\" sizes=\"(max-width: 150px) 100vw, 150px\" \/><\/a>\n\t\t\t<\/dt><\/dl><dl class='gallery-item'>\n\t\t\t<dt class='gallery-icon landscape'>\n\t\t\t\t<a href='https:\/\/eleb.it\/?attachment_id=285'><img loading=\"lazy\" decoding=\"async\" width=\"150\" height=\"150\" src=\"https:\/\/eleb.it\/wp-content\/uploads\/2013\/11\/Gay-pride-Roma11-150x150.jpg\" class=\"attachment-thumbnail size-thumbnail\" alt=\"\" srcset=\"https:\/\/eleb.it\/wp-content\/uploads\/2013\/11\/Gay-pride-Roma11-150x150.jpg 150w, https:\/\/eleb.it\/wp-content\/uploads\/2013\/11\/Gay-pride-Roma11-100x100.jpg 100w\" sizes=\"(max-width: 150px) 100vw, 150px\" \/><\/a>\n\t\t\t<\/dt><\/dl><br style=\"clear: both\" \/><dl class='gallery-item'>\n\t\t\t<dt class='gallery-icon portrait'>\n\t\t\t\t<a href='https:\/\/eleb.it\/?attachment_id=286'><img loading=\"lazy\" decoding=\"async\" width=\"150\" height=\"150\" src=\"https:\/\/eleb.it\/wp-content\/uploads\/2013\/11\/Gay-pride-Roma10-150x150.jpg\" class=\"attachment-thumbnail size-thumbnail\" alt=\"\" srcset=\"https:\/\/eleb.it\/wp-content\/uploads\/2013\/11\/Gay-pride-Roma10-150x150.jpg 150w, https:\/\/eleb.it\/wp-content\/uploads\/2013\/11\/Gay-pride-Roma10-100x100.jpg 100w\" sizes=\"(max-width: 150px) 100vw, 150px\" \/><\/a>\n\t\t\t<\/dt><\/dl><dl class='gallery-item'>\n\t\t\t<dt class='gallery-icon portrait'>\n\t\t\t\t<a href='https:\/\/eleb.it\/?attachment_id=287'><img loading=\"lazy\" decoding=\"async\" width=\"150\" height=\"150\" src=\"https:\/\/eleb.it\/wp-content\/uploads\/2013\/11\/Gay-pride-Roma9-150x150.jpg\" class=\"attachment-thumbnail size-thumbnail\" alt=\"\" srcset=\"https:\/\/eleb.it\/wp-content\/uploads\/2013\/11\/Gay-pride-Roma9-150x150.jpg 150w, https:\/\/eleb.it\/wp-content\/uploads\/2013\/11\/Gay-pride-Roma9-100x100.jpg 100w\" sizes=\"(max-width: 150px) 100vw, 150px\" \/><\/a>\n\t\t\t<\/dt><\/dl><dl class='gallery-item'>\n\t\t\t<dt class='gallery-icon portrait'>\n\t\t\t\t<a href='https:\/\/eleb.it\/?attachment_id=288'><img loading=\"lazy\" decoding=\"async\" width=\"150\" height=\"150\" src=\"https:\/\/eleb.it\/wp-content\/uploads\/2013\/11\/Gay-pride-Roma8-150x150.jpg\" class=\"attachment-thumbnail size-thumbnail\" alt=\"\" srcset=\"https:\/\/eleb.it\/wp-content\/uploads\/2013\/11\/Gay-pride-Roma8-150x150.jpg 150w, https:\/\/eleb.it\/wp-content\/uploads\/2013\/11\/Gay-pride-Roma8-100x100.jpg 100w\" sizes=\"(max-width: 150px) 100vw, 150px\" \/><\/a>\n\t\t\t<\/dt><\/dl><br style=\"clear: both\" \/><dl class='gallery-item'>\n\t\t\t<dt class='gallery-icon landscape'>\n\t\t\t\t<a href='https:\/\/eleb.it\/?attachment_id=289'><img loading=\"lazy\" decoding=\"async\" width=\"150\" height=\"150\" src=\"https:\/\/eleb.it\/wp-content\/uploads\/2013\/11\/Gay-pride-Roma6-150x150.jpg\" class=\"attachment-thumbnail size-thumbnail\" alt=\"\" srcset=\"https:\/\/eleb.it\/wp-content\/uploads\/2013\/11\/Gay-pride-Roma6-150x150.jpg 150w, https:\/\/eleb.it\/wp-content\/uploads\/2013\/11\/Gay-pride-Roma6-100x100.jpg 100w\" sizes=\"(max-width: 150px) 100vw, 150px\" \/><\/a>\n\t\t\t<\/dt><\/dl><dl class='gallery-item'>\n\t\t\t<dt class='gallery-icon portrait'>\n\t\t\t\t<a href='https:\/\/eleb.it\/?attachment_id=290'><img loading=\"lazy\" decoding=\"async\" width=\"150\" height=\"150\" src=\"https:\/\/eleb.it\/wp-content\/uploads\/2013\/11\/Gay-pride-Roma2-150x150.jpg\" class=\"attachment-thumbnail size-thumbnail\" alt=\"\" srcset=\"https:\/\/eleb.it\/wp-content\/uploads\/2013\/11\/Gay-pride-Roma2-150x150.jpg 150w, https:\/\/eleb.it\/wp-content\/uploads\/2013\/11\/Gay-pride-Roma2-100x100.jpg 100w\" sizes=\"(max-width: 150px) 100vw, 150px\" \/><\/a>\n\t\t\t<\/dt><\/dl><dl class='gallery-item'>\n\t\t\t<dt class='gallery-icon portrait'>\n\t\t\t\t<a href='https:\/\/eleb.it\/?attachment_id=291'><img loading=\"lazy\" decoding=\"async\" width=\"150\" height=\"150\" src=\"https:\/\/eleb.it\/wp-content\/uploads\/2013\/11\/Gay-pride-Roma-150x150.jpg\" class=\"attachment-thumbnail size-thumbnail\" alt=\"\" srcset=\"https:\/\/eleb.it\/wp-content\/uploads\/2013\/11\/Gay-pride-Roma-150x150.jpg 150w, https:\/\/eleb.it\/wp-content\/uploads\/2013\/11\/Gay-pride-Roma-100x100.jpg 100w\" sizes=\"(max-width: 150px) 100vw, 150px\" \/><\/a>\n\t\t\t<\/dt><\/dl><br style=\"clear: both\" \/><dl class='gallery-item'>\n\t\t\t<dt class='gallery-icon portrait'>\n\t\t\t\t<a href='https:\/\/eleb.it\/?attachment_id=292'><img loading=\"lazy\" decoding=\"async\" width=\"150\" height=\"150\" src=\"https:\/\/eleb.it\/wp-content\/uploads\/2013\/11\/Gay-pride-Roma4-150x150.jpg\" class=\"attachment-thumbnail size-thumbnail\" alt=\"\" srcset=\"https:\/\/eleb.it\/wp-content\/uploads\/2013\/11\/Gay-pride-Roma4-150x150.jpg 150w, https:\/\/eleb.it\/wp-content\/uploads\/2013\/11\/Gay-pride-Roma4-100x100.jpg 100w\" sizes=\"(max-width: 150px) 100vw, 150px\" \/><\/a>\n\t\t\t<\/dt><\/dl><dl class='gallery-item'>\n\t\t\t<dt class='gallery-icon landscape'>\n\t\t\t\t<a href='https:\/\/eleb.it\/?attachment_id=293'><img loading=\"lazy\" decoding=\"async\" width=\"150\" height=\"150\" src=\"https:\/\/eleb.it\/wp-content\/uploads\/2013\/11\/Gay-pride-Roma5-150x150.jpg\" class=\"attachment-thumbnail size-thumbnail\" alt=\"\" srcset=\"https:\/\/eleb.it\/wp-content\/uploads\/2013\/11\/Gay-pride-Roma5-150x150.jpg 150w, https:\/\/eleb.it\/wp-content\/uploads\/2013\/11\/Gay-pride-Roma5-100x100.jpg 100w\" sizes=\"(max-width: 150px) 100vw, 150px\" \/><\/a>\n\t\t\t<\/dt><\/dl><dl class='gallery-item'>\n\t\t\t<dt class='gallery-icon portrait'>\n\t\t\t\t<a href='https:\/\/eleb.it\/?attachment_id=294'><img loading=\"lazy\" decoding=\"async\" width=\"150\" height=\"150\" src=\"https:\/\/eleb.it\/wp-content\/uploads\/2013\/11\/Gay-pride-Roma3-150x150.jpg\" class=\"attachment-thumbnail size-thumbnail\" alt=\"\" srcset=\"https:\/\/eleb.it\/wp-content\/uploads\/2013\/11\/Gay-pride-Roma3-150x150.jpg 150w, https:\/\/eleb.it\/wp-content\/uploads\/2013\/11\/Gay-pride-Roma3-100x100.jpg 100w\" sizes=\"(max-width: 150px) 100vw, 150px\" \/><\/a>\n\t\t\t<\/dt><\/dl><br style=\"clear: both\" \/>\n\t\t<\/div>\n<\/p>\n<div id=\"fb-root\"><\/div><script src=\"http:\/\/connect.facebook.net\/en_US\/all.js#xfbml=1\"><\/script><fb:like href=\"https:\/\/eleb.it\/?p=282\" send=\"false\" layout=\"standard\" width=\"450\" show_faces=\"true\" font=\"arial\" action=\"like\" colorscheme=\"light\"><\/fb:like>","protected":false},"excerpt":{"rendered":"<p>Un fiume colorato di gente in festa per abbattere il muro di diffidenza contro l&#8217;omosessualit\u00e0. \u00c9 questa la fotografia del Gay Pride che \u00e9 rimasta impressa nella mia mente dal 3 luglio 2010, quando l&#8217;allegro carrozzone multicolor ha sfilato per le vie della citt\u00e0 Santa. Non ho visto nessun<\/p>\n","protected":false},"author":2,"featured_media":317,"comment_status":"open","ping_status":"open","sticky":false,"template":"","format":"standard","meta":{"footnotes":""},"categories":[6],"tags":[],"class_list":["post-282","post","type-post","status-publish","format-standard","has-post-thumbnail","hentry","category-reportage","entry"],"aioseo_notices":[],"_links":{"self":[{"href":"https:\/\/eleb.it\/index.php?rest_route=\/wp\/v2\/posts\/282"}],"collection":[{"href":"https:\/\/eleb.it\/index.php?rest_route=\/wp\/v2\/posts"}],"about":[{"href":"https:\/\/eleb.it\/index.php?rest_route=\/wp\/v2\/types\/post"}],"author":[{"embeddable":true,"href":"https:\/\/eleb.it\/index.php?rest_route=\/wp\/v2\/users\/2"}],"replies":[{"embeddable":true,"href":"https:\/\/eleb.it\/index.php?rest_route=%2Fwp%2Fv2%2Fcomments&post=282"}],"version-history":[{"count":4,"href":"https:\/\/eleb.it\/index.php?rest_route=\/wp\/v2\/posts\/282\/revisions"}],"predecessor-version":[{"id":342,"href":"https:\/\/eleb.it\/index.php?rest_route=\/wp\/v2\/posts\/282\/revisions\/342"}],"wp:featuredmedia":[{"embeddable":true,"href":"https:\/\/eleb.it\/index.php?rest_route=\/wp\/v2\/media\/317"}],"wp:attachment":[{"href":"https:\/\/eleb.it\/index.php?rest_route=%2Fwp%2Fv2%2Fmedia&parent=282"}],"wp:term":[{"taxonomy":"category","embeddable":true,"href":"https:\/\/eleb.it\/index.php?rest_route=%2Fwp%2Fv2%2Fcategories&post=282"},{"taxonomy":"post_tag","embeddable":true,"href":"https:\/\/eleb.it\/index.php?rest_route=%2Fwp%2Fv2%2Ftags&post=282"}],"curies":[{"name":"wp","href":"https:\/\/api.w.org\/{rel}","templated":true}]}}