{"id":327,"date":"2013-11-28T13:46:01","date_gmt":"2013-11-28T12:46:01","guid":{"rendered":"https:\/\/eleb.it\/?p=327"},"modified":"2013-11-28T14:24:00","modified_gmt":"2013-11-28T13:24:00","slug":"celeste-bag-una-sintesi-perfetta-per-il-giorno-e-per-la-notte","status":"publish","type":"post","link":"https:\/\/eleb.it\/?p=327","title":{"rendered":"Celeste bag, una sintesi perfetta per il giorno e per la notte"},"content":{"rendered":"<p>Un punto esclamativo rosso evidenzia l&#8217;importanza di una mail che \u00e8 appena arrivata sulla mia casella: \u00e8 Coccinelle! Il sistema online del brand che adoro mi avverte che c&#8217;\u00e8 una novit\u00e0: \u00e8 arrivata Celeste! Una nuova linea di borse piena di stile e di charme! <a href=\"https:\/\/eleb.it\/wp-content\/uploads\/2013\/11\/borse-verde-smeraldo-celeste-bag-coccinelle.jpg\"><img loading=\"lazy\" decoding=\"async\" class=\"alignleft size-thumbnail wp-image-331\" alt=\"celeste bag\" src=\"https:\/\/eleb.it\/wp-content\/uploads\/2013\/11\/borse-verde-smeraldo-celeste-bag-coccinelle-150x150.jpg\" width=\"150\" height=\"150\" srcset=\"https:\/\/eleb.it\/wp-content\/uploads\/2013\/11\/borse-verde-smeraldo-celeste-bag-coccinelle-150x150.jpg 150w, https:\/\/eleb.it\/wp-content\/uploads\/2013\/11\/borse-verde-smeraldo-celeste-bag-coccinelle-100x100.jpg 100w\" sizes=\"(max-width: 150px) 100vw, 150px\" \/><\/a>Scorro veloce i modelli presenti sul sito e i colori, \u00e8 bellissima! Il primo pensiero \u00e8 quella di comprarla, ma che colore? Il nero \u00e8 bello, ma troppo classico! Il bianco<!--more--> non si abbina con il mio look! <a href=\"https:\/\/eleb.it\/wp-content\/uploads\/2013\/11\/1.jpg\"><img loading=\"lazy\" decoding=\"async\" class=\"size-thumbnail wp-image-218 alignright\" alt=\"1\" src=\"https:\/\/eleb.it\/wp-content\/uploads\/2013\/11\/1-150x150.jpg\" width=\"150\" height=\"150\" srcset=\"https:\/\/eleb.it\/wp-content\/uploads\/2013\/11\/1-150x150.jpg 150w, https:\/\/eleb.it\/wp-content\/uploads\/2013\/11\/1-100x100.jpg 100w\" sizes=\"(max-width: 150px) 100vw, 150px\" \/><\/a>Il giallo e l&#8217;arancio non mi entusiasmano&#8230;il verde? Siii! Gi\u00e0 la adoro! Subito la ordino nel mio negozio di fiducia, Egar, e la richiesto esclusivamente verde! Da quando mi \u00e8 arrivata non l&#8217;ho mai abbandonata. L&#8217;ho usata con le Converse e con i tacchi a spillo, d&#8217;inverno e d&#8217;estate. Da qualche settimana l&#8217;ho anche doppiata con un&#8217;altra Celeste, questa volta per\u00f2 pi\u00f9 grande! Una postina rosa molto chic che uso sia per il lavoro, sia per il tempo libero! Pratica, comoda, molto pi\u00f9 grande della pochette la uso sempre, grazie anche alla sua doppia tracolla!Celeste \u00e8 semplicemente una linea perfetta&#8230;<\/p>\n<div id=\"fb-root\"><\/div><script src=\"http:\/\/connect.facebook.net\/en_US\/all.js#xfbml=1\"><\/script><fb:like href=\"https:\/\/eleb.it\/?p=327\" send=\"false\" layout=\"standard\" width=\"450\" show_faces=\"true\" font=\"arial\" action=\"like\" colorscheme=\"light\"><\/fb:like>","protected":false},"excerpt":{"rendered":"<p>Un punto esclamativo rosso evidenzia l&#8217;importanza di una mail che \u00e8 appena arrivata sulla mia casella: \u00e8 Coccinelle! Il sistema online del brand che adoro mi avverte che c&#8217;\u00e8 una novit\u00e0: \u00e8 arrivata Celeste! Una nuova linea di borse piena di stile e di charme! Scorro veloce i modelli presenti sul sito e i colori, [&hellip;]<\/p>\n","protected":false},"author":2,"featured_media":333,"comment_status":"open","ping_status":"open","sticky":false,"template":"","format":"standard","meta":{"footnotes":""},"categories":[7],"tags":[],"class_list":["post-327","post","type-post","status-publish","format-standard","has-post-thumbnail","hentry","category-fashion","entry"],"aioseo_notices":[],"_links":{"self":[{"href":"https:\/\/eleb.it\/index.php?rest_route=\/wp\/v2\/posts\/327"}],"collection":[{"href":"https:\/\/eleb.it\/index.php?rest_route=\/wp\/v2\/posts"}],"about":[{"href":"https:\/\/eleb.it\/index.php?rest_route=\/wp\/v2\/types\/post"}],"author":[{"embeddable":true,"href":"https:\/\/eleb.it\/index.php?rest_route=\/wp\/v2\/users\/2"}],"replies":[{"embeddable":true,"href":"https:\/\/eleb.it\/index.php?rest_route=%2Fwp%2Fv2%2Fcomments&post=327"}],"version-history":[{"count":4,"href":"https:\/\/eleb.it\/index.php?rest_route=\/wp\/v2\/posts\/327\/revisions"}],"predecessor-version":[{"id":339,"href":"https:\/\/eleb.it\/index.php?rest_route=\/wp\/v2\/posts\/327\/revisions\/339"}],"wp:featuredmedia":[{"embeddable":true,"href":"https:\/\/eleb.it\/index.php?rest_route=\/wp\/v2\/media\/333"}],"wp:attachment":[{"href":"https:\/\/eleb.it\/index.php?rest_route=%2Fwp%2Fv2%2Fmedia&parent=327"}],"wp:term":[{"taxonomy":"category","embeddable":true,"href":"https:\/\/eleb.it\/index.php?rest_route=%2Fwp%2Fv2%2Fcategories&post=327"},{"taxonomy":"post_tag","embeddable":true,"href":"https:\/\/eleb.it\/index.php?rest_route=%2Fwp%2Fv2%2Ftags&post=327"}],"curies":[{"name":"wp","href":"https:\/\/api.w.org\/{rel}","templated":true}]}}