{"id":421,"date":"2014-12-01T17:26:20","date_gmt":"2014-12-01T16:26:20","guid":{"rendered":"https:\/\/eleb.it\/?p=421"},"modified":"2014-12-01T17:42:09","modified_gmt":"2014-12-01T16:42:09","slug":"qualche-cosmetico-e-poche-mosse-per-non-sembrare-uno-zoobie","status":"publish","type":"post","link":"https:\/\/eleb.it\/?p=421","title":{"rendered":"Qualche cosmetico e poche mosse per non sembrare uno zombie"},"content":{"rendered":"<p>Premetto subito che i cosmetici sono una mia passione, ma non so truccarmi. Ignoro totalmente le regole per fare uno sguardo pi\u00f9 lucente o degli zigomi pi\u00f9 illuminati. Mi sono ripromessa da tempo di fare un piccolo corso di trucco almeno per imparare l&#8217;abc e non essere ripresa sempre da mia sorella che ogni volta sfodera trucchi stranissimi che hanno degli effetti sensazionali. Ma veniamo a noi. Prima di uscire per andare al lavoro, per una passeggiata o anche per una cena cerco di darmi una sistemata per non sembrare uno zombie, visto anche il mio incarnato pallidino. Come prima cosa metto della crema per il viso idratante e un siero pelle perfetta Skin <img loading=\"lazy\" decoding=\"async\" class=\"alignleft size-thumbnail wp-image-425\" src=\"https:\/\/eleb.it\/wp-content\/uploads\/2014\/12\/IMG_20141201_170936_edit1-150x150.jpg\" alt=\"Trucchi Chanel, Dior, Clarins\" width=\"150\" height=\"150\" srcset=\"https:\/\/eleb.it\/wp-content\/uploads\/2014\/12\/IMG_20141201_170936_edit1-150x150.jpg 150w, https:\/\/eleb.it\/wp-content\/uploads\/2014\/12\/IMG_20141201_170936_edit1-100x100.jpg 100w\" sizes=\"(max-width: 150px) 100vw, 150px\" \/>perfection dell&#8217;Or\u00e9al Paris. Non uso fondotinta perch\u00e8 non amo l&#8217;effetto maschera quindi applico semplicemente una crema de soins tent\u00e8e d\u00e8salt\u00e8rante della Clarins, che lascia il viso luminoso e non copre molto. Terminata la fase viso passo agli occhi. L&#8217;unica cosa che ho imparato negli anni, ovviamente da autodidatta, \u00e8 l&#8217;applicazione della matita. Non pensate che passi ore a perfezionare il tratto, assolutamente no. Stendo a tutta velocit\u00e0 la matita (l&#8217;Or\u00e9al sempre nera) sulla parte superiore dell&#8217;occhio e poi do due tre pennellate di ombretto (Iridescent Dior) generalmente o marrone chiaro o beige. Poi a seconda del tempo che ho a disposizione concludo l&#8217;opera di restauro con una passata di\u00a0<span style=\"color: #545454;\">eyeliner (Pupa) e concludo con una passata di rimmel nero (Chanel). Da qualche tempo ho scoperto che anche le sopracciglia vanno curate cos\u00ec applico una cera fissante che elimina l&#8217;effetto appena svegliata. Tutti questi procedimenti vengono svolti in tempi super rapidi, spesso mentre parlo al telefono o controllo l&#8217;orologio. Il risultato non \u00e8 dei migliori, ma vista la base e le basi non mi lamento. \ud83d\ude42<\/p>\n<div id=\"fb-root\"><\/div><script src=\"http:\/\/connect.facebook.net\/en_US\/all.js#xfbml=1\"><\/script><fb:like href=\"https:\/\/eleb.it\/?p=421\" send=\"false\" layout=\"standard\" width=\"450\" show_faces=\"true\" font=\"arial\" action=\"like\" colorscheme=\"light\"><\/fb:like>","protected":false},"excerpt":{"rendered":"<p>Premetto subito che i cosmetici sono una mia passione, ma non so truccarmi. Ignoro totalmente le regole per fare uno sguardo pi\u00f9 lucente o degli zigomi pi\u00f9 illuminati. Mi sono ripromessa da tempo di fare un piccolo corso di trucco almeno per imparare l&#8217;abc e non essere ripresa sempre da mia sorella che ogni volta [&hellip;]<\/p>\n","protected":false},"author":2,"featured_media":425,"comment_status":"open","ping_status":"open","sticky":false,"template":"","format":"standard","meta":{"footnotes":""},"categories":[4,8],"tags":[],"class_list":["post-421","post","type-post","status-publish","format-standard","has-post-thumbnail","hentry","category-blog","category-style","entry"],"aioseo_notices":[],"_links":{"self":[{"href":"https:\/\/eleb.it\/index.php?rest_route=\/wp\/v2\/posts\/421"}],"collection":[{"href":"https:\/\/eleb.it\/index.php?rest_route=\/wp\/v2\/posts"}],"about":[{"href":"https:\/\/eleb.it\/index.php?rest_route=\/wp\/v2\/types\/post"}],"author":[{"embeddable":true,"href":"https:\/\/eleb.it\/index.php?rest_route=\/wp\/v2\/users\/2"}],"replies":[{"embeddable":true,"href":"https:\/\/eleb.it\/index.php?rest_route=%2Fwp%2Fv2%2Fcomments&post=421"}],"version-history":[{"count":4,"href":"https:\/\/eleb.it\/index.php?rest_route=\/wp\/v2\/posts\/421\/revisions"}],"predecessor-version":[{"id":427,"href":"https:\/\/eleb.it\/index.php?rest_route=\/wp\/v2\/posts\/421\/revisions\/427"}],"wp:featuredmedia":[{"embeddable":true,"href":"https:\/\/eleb.it\/index.php?rest_route=\/wp\/v2\/media\/425"}],"wp:attachment":[{"href":"https:\/\/eleb.it\/index.php?rest_route=%2Fwp%2Fv2%2Fmedia&parent=421"}],"wp:term":[{"taxonomy":"category","embeddable":true,"href":"https:\/\/eleb.it\/index.php?rest_route=%2Fwp%2Fv2%2Fcategories&post=421"},{"taxonomy":"post_tag","embeddable":true,"href":"https:\/\/eleb.it\/index.php?rest_route=%2Fwp%2Fv2%2Ftags&post=421"}],"curies":[{"name":"wp","href":"https:\/\/api.w.org\/{rel}","templated":true}]}}