{"id":431,"date":"2014-12-16T17:20:33","date_gmt":"2014-12-16T16:20:33","guid":{"rendered":"https:\/\/eleb.it\/?p=431"},"modified":"2014-12-16T20:57:43","modified_gmt":"2014-12-16T19:57:43","slug":"brr-e-arrivato-il-freddo-meglio-coprirsi-consigli-low-cost-per-linverno","status":"publish","type":"post","link":"https:\/\/eleb.it\/?p=431","title":{"rendered":"Brr \u00e8 arrivato il freddo&#8230;meglio coprirsi. Consigli low cost per l&#8217;inverno"},"content":{"rendered":"<p>Quest&#8217;anno l&#8217;inverno sembrava non volesse arrivare. A ottobre eravamo ancora a maniche corte e in pochi credevano che le temperature sarebbero scese vertiginosamente. E invece con l&#8217;avvicinarsi del Natale il termometro \u00e8 calato a picco e allora che fare? Meglio correre subito ai ripari! Diciamo che io, per non essere colta alla sprovvista, mi ero gi\u00e0 preparata e a fine settembre avevo acquistato questo simpatico bomber di pelliccia ecologica da Zara. Ma non mi aspettavo certo di doverlo tenere nell&#8217;armadio per due mesi! Quando l&#8217;ho preso ero fortemente indecisa su come e quando indossarlo. Invece poi, sfogliando le riviste e vedendo i look nei negozi, mi sono resa conto che praticamente andava su tutto. Eccomi quindi pronta per una fredda serata invernale. Alla pelliccia <a href=\"https:\/\/eleb.it\/wp-content\/uploads\/2014\/12\/Pelliccia-e-cappello-per-il-Natale-EleB-2.jpg\"><img loading=\"lazy\" decoding=\"async\" src=\"https:\/\/eleb.it\/wp-content\/uploads\/2014\/12\/Pelliccia-e-cappello-per-il-Natale-EleB-2-150x150.jpg\" alt=\"Pelliccia e cappello per il  Natale, EleB (2)\" width=\"150\" height=\"150\" class=\"alignleft size-thumbnail wp-image-428\" srcset=\"https:\/\/eleb.it\/wp-content\/uploads\/2014\/12\/Pelliccia-e-cappello-per-il-Natale-EleB-2-150x150.jpg 150w, https:\/\/eleb.it\/wp-content\/uploads\/2014\/12\/Pelliccia-e-cappello-per-il-Natale-EleB-2-100x100.jpg 100w\" sizes=\"(max-width: 150px) 100vw, 150px\" \/><\/a>ho abbinato un paio di jeans e un maglione a collo alto (total Zara). Nel mio armadio ci saranno almeno una decine di queste maglie, di tutti i colori. Le uso sempre, sia con i jeans, sia con le gonne. E poi nonostante il prezzo veramente low cost sono indistruttibili. Ai piedi, in contrasto con la femminilit\u00e0 della giacca, ho indossato delle scarpe alla Duilio, molto maschili, con dei calzini in pizzo (Calzedonia). Per concludere il look e uscire al freddo e al gelo un bel cappello di feltro (piazza Italia) che vi assicuro oltre all&#8217;aspetto scenografico \u00e8 anche molto caldo. Guardando le foto e leggendo l&#8217;articolo vi sarete chiesti: &#8220;ma vestita cos\u00ec dove vai?&#8221;. Non vi aspettate gal\u00e0, o appuntamenti particolari, sono andata semplicemente a cena nel ristorante Ettore a Tagliacozzo (Aq), degli amici Gianluca e Omar, che per le festivit\u00e0 trasforma il suo locale in una vera e propria casa di Babbo Natale. E&#8217; per questo io mi sono adeguata all&#8217;atmosfera!!!<\/p>\n<p>Ps. dimenticavo: il bauletto che ho nella foto \u00e8 di Coccinelle!!! <3\n<\/p>\n<div id=\"fb-root\"><\/div><script src=\"http:\/\/connect.facebook.net\/en_US\/all.js#xfbml=1\"><\/script><fb:like href=\"https:\/\/eleb.it\/?p=431\" send=\"false\" layout=\"standard\" width=\"450\" show_faces=\"true\" font=\"arial\" action=\"like\" colorscheme=\"light\"><\/fb:like>","protected":false},"excerpt":{"rendered":"<p>Quest&#8217;anno l&#8217;inverno sembrava non volesse arrivare. A ottobre eravamo ancora a maniche corte e in pochi credevano che le temperature sarebbero scese vertiginosamente. E invece con l&#8217;avvicinarsi del Natale il termometro \u00e8 calato a picco e allora che fare? Meglio correre subito ai ripari! Diciamo che io, per non essere colta alla sprovvista, mi ero [&hellip;]<\/p>\n","protected":false},"author":2,"featured_media":428,"comment_status":"open","ping_status":"open","sticky":false,"template":"","format":"standard","meta":{"footnotes":""},"categories":[4,7],"tags":[12,9,13,10,11],"class_list":["post-431","post","type-post","status-publish","format-standard","has-post-thumbnail","hentry","category-blog","category-fashion","tag-coccinelle","tag-fashion-2","tag-natale","tag-style-2","tag-zara","entry"],"aioseo_notices":[],"_links":{"self":[{"href":"https:\/\/eleb.it\/index.php?rest_route=\/wp\/v2\/posts\/431"}],"collection":[{"href":"https:\/\/eleb.it\/index.php?rest_route=\/wp\/v2\/posts"}],"about":[{"href":"https:\/\/eleb.it\/index.php?rest_route=\/wp\/v2\/types\/post"}],"author":[{"embeddable":true,"href":"https:\/\/eleb.it\/index.php?rest_route=\/wp\/v2\/users\/2"}],"replies":[{"embeddable":true,"href":"https:\/\/eleb.it\/index.php?rest_route=%2Fwp%2Fv2%2Fcomments&post=431"}],"version-history":[{"count":2,"href":"https:\/\/eleb.it\/index.php?rest_route=\/wp\/v2\/posts\/431\/revisions"}],"predecessor-version":[{"id":433,"href":"https:\/\/eleb.it\/index.php?rest_route=\/wp\/v2\/posts\/431\/revisions\/433"}],"wp:featuredmedia":[{"embeddable":true,"href":"https:\/\/eleb.it\/index.php?rest_route=\/wp\/v2\/media\/428"}],"wp:attachment":[{"href":"https:\/\/eleb.it\/index.php?rest_route=%2Fwp%2Fv2%2Fmedia&parent=431"}],"wp:term":[{"taxonomy":"category","embeddable":true,"href":"https:\/\/eleb.it\/index.php?rest_route=%2Fwp%2Fv2%2Fcategories&post=431"},{"taxonomy":"post_tag","embeddable":true,"href":"https:\/\/eleb.it\/index.php?rest_route=%2Fwp%2Fv2%2Ftags&post=431"}],"curies":[{"name":"wp","href":"https:\/\/api.w.org\/{rel}","templated":true}]}}