{"id":447,"date":"2015-01-20T19:51:15","date_gmt":"2015-01-20T18:51:15","guid":{"rendered":"https:\/\/eleb.it\/?p=447"},"modified":"2015-01-21T10:05:09","modified_gmt":"2015-01-21T09:05:09","slug":"un-maxi-pull-di-lana-per-essere-alla-moda-e-riscaldarsi-un-po-2","status":"publish","type":"post","link":"https:\/\/eleb.it\/?p=447","title":{"rendered":"Un maxi pull di lana per essere alla moda&#8230;e riscaldarsi un p\u00f2!"},"content":{"rendered":"<p>\u200e<a href=\"https:\/\/eleb.it\/wp-content\/uploads\/2015\/01\/IMG_9409.jpg\"><img loading=\"lazy\" decoding=\"async\" class=\"alignleft wp-image-441 size-medium\" src=\"https:\/\/eleb.it\/wp-content\/uploads\/2015\/01\/IMG_9409-177x300.jpg\" alt=\"IMG_9409\" width=\"177\" height=\"300\" srcset=\"https:\/\/eleb.it\/wp-content\/uploads\/2015\/01\/IMG_9409-177x300.jpg 177w, https:\/\/eleb.it\/wp-content\/uploads\/2015\/01\/IMG_9409-604x1024.jpg 604w\" sizes=\"(max-width: 177px) 100vw, 177px\" \/><\/a>Non ho mai amato maglioni pesanti, maglie a collo alto e quant&#8217;altro. Ma devo dire che quest&#8217;anno mi sono dovuta ricredere. Il freddo penetrante, e un p\u00f3 la moda, mi hanno fatto tornare sui miei passi e mi hanno spinto a inserire nel mio armadio qualche caldo pullover che sembra un p\u00f3 strappato al guardaroba adolescenziale di mia madre. I primi acquisti &#8211; ovviamente low cost &#8211; li ho fatti da H&amp;M portandomi a casa un maxi pull grigio molto semplice ma carino. I dubbi su come indossarlo sono presto svaniti. Ho scelto infatti gli immancabili leggins, una camicia di jeans e i miei inseparabili stivaletti di Aldo! \u200eMa non \u00e8 finita&#8230;per rendere pi\u00f9 cool il look ci ho abbinato una collana un p\u00f3 retr\u00f2 con tante pietre nere e grigie. Visto poi che la cosa funzionava ho continuato su questa scia dicendo un p\u00f3 addio alle magliettine di cotone e alle camicie delle stagioni precedenti. Durante un viaggio a Bruxelles non potevo non fare tappa da Primark. Quando sono in giro devo sempre comprare qualche accessorio o qualche vestito diciamo un p\u00f3&#8230;diverso! Dopo un&#8217; estenuante fila e oltre 40 minuti di attesa sono finalmente entrata nel mega store dove centinaia di persone corrono su e gi\u00f9 alla ricerca di capi ultra low cost ma molto di tendenza. <a href=\"https:\/\/eleb.it\/wp-content\/uploads\/2015\/01\/IMG_94212.jpg\"><img loading=\"lazy\" decoding=\"async\" class=\"alignright wp-image-449 size-medium\" src=\"https:\/\/eleb.it\/wp-content\/uploads\/2015\/01\/IMG_94212-220x300.jpg\" alt=\"IMG_9421\" width=\"220\" height=\"300\" srcset=\"https:\/\/eleb.it\/wp-content\/uploads\/2015\/01\/IMG_94212-220x300.jpg 220w, https:\/\/eleb.it\/wp-content\/uploads\/2015\/01\/IMG_94212.jpg 476w\" sizes=\"(max-width: 220px) 100vw, 220px\" \/><\/a>Io ovviamente ero impazzita. Mi sono subito impossessata della borsa carrello e l&#8217;ho iniziata a riempire. Tra le varie cose che ho acquistato spicca sicuramente un cardigan di pelliccia. Una maglia caldissima tra una diva sexy e una moderna Crudelia De mon. Mi \u00e8 piaciuta troppo e nonostante i problemi con la capienza della valigia non c&#8217;ho potuto rinunciare. Ora vi starete chiedendo ma come indossarlo? Semplice, con un paio di jeans o dei leggings e una t-shirt bianca o nera (io ho scelto maglia di H&amp;M basic e jeans Zara) per andare al lavoro o per una cena tra amiche. Se poi fa freddo o se avete un evento di gala perch\u00e8 non osare&#8230;gonna a tubo, body nero e tacchi alti! Cos\u00ec sembrerete sicuramente meno donna orsacchiotto e pi\u00f9 femme fatale!<\/p>\n<div id=\"fb-root\"><\/div><script src=\"http:\/\/connect.facebook.net\/en_US\/all.js#xfbml=1\"><\/script><fb:like href=\"https:\/\/eleb.it\/?p=447\" send=\"false\" layout=\"standard\" width=\"450\" show_faces=\"true\" font=\"arial\" action=\"like\" colorscheme=\"light\"><\/fb:like>","protected":false},"excerpt":{"rendered":"<p>\u200eNon ho mai amato maglioni pesanti, maglie a collo alto e quant&#8217;altro. Ma devo dire che quest&#8217;anno mi sono dovuta ricredere. Il freddo penetrante, e un p\u00f3 la moda, mi hanno fatto tornare sui miei passi e mi hanno spinto a inserire nel mio armadio qualche caldo pullover che sembra un p\u00f3 strappato al guardaroba [&hellip;]<\/p>\n","protected":false},"author":2,"featured_media":451,"comment_status":"open","ping_status":"open","sticky":false,"template":"","format":"standard","meta":{"footnotes":""},"categories":[4,7],"tags":[17,15,14,11],"class_list":["post-447","post","type-post","status-publish","format-standard","has-post-thumbnail","hentry","category-blog","category-fashion","tag-aldo","tag-hm","tag-primark","tag-zara","entry"],"aioseo_notices":[],"_links":{"self":[{"href":"https:\/\/eleb.it\/index.php?rest_route=\/wp\/v2\/posts\/447"}],"collection":[{"href":"https:\/\/eleb.it\/index.php?rest_route=\/wp\/v2\/posts"}],"about":[{"href":"https:\/\/eleb.it\/index.php?rest_route=\/wp\/v2\/types\/post"}],"author":[{"embeddable":true,"href":"https:\/\/eleb.it\/index.php?rest_route=\/wp\/v2\/users\/2"}],"replies":[{"embeddable":true,"href":"https:\/\/eleb.it\/index.php?rest_route=%2Fwp%2Fv2%2Fcomments&post=447"}],"version-history":[{"count":5,"href":"https:\/\/eleb.it\/index.php?rest_route=\/wp\/v2\/posts\/447\/revisions"}],"predecessor-version":[{"id":455,"href":"https:\/\/eleb.it\/index.php?rest_route=\/wp\/v2\/posts\/447\/revisions\/455"}],"wp:featuredmedia":[{"embeddable":true,"href":"https:\/\/eleb.it\/index.php?rest_route=\/wp\/v2\/media\/451"}],"wp:attachment":[{"href":"https:\/\/eleb.it\/index.php?rest_route=%2Fwp%2Fv2%2Fmedia&parent=447"}],"wp:term":[{"taxonomy":"category","embeddable":true,"href":"https:\/\/eleb.it\/index.php?rest_route=%2Fwp%2Fv2%2Fcategories&post=447"},{"taxonomy":"post_tag","embeddable":true,"href":"https:\/\/eleb.it\/index.php?rest_route=%2Fwp%2Fv2%2Ftags&post=447"}],"curies":[{"name":"wp","href":"https:\/\/api.w.org\/{rel}","templated":true}]}}