{"id":469,"date":"2015-05-15T10:39:35","date_gmt":"2015-05-15T08:39:35","guid":{"rendered":"https:\/\/eleb.it\/?p=469"},"modified":"2015-05-15T10:39:35","modified_gmt":"2015-05-15T08:39:35","slug":"e-ora-e-tutto-nel-blu-dipinto-di-blu-ma-rigorosamente-elettrico","status":"publish","type":"post","link":"https:\/\/eleb.it\/?p=469","title":{"rendered":"E ora \u00e8 tutto nel blu dipinto di blu, ma rigorosamente elettrico"},"content":{"rendered":"<p>Blu, nero, grigio o al massimo jeans. I colori del mio armadio erano piatti, senza troppi sprazzi di colore. Pantaloni o leggings rigorosamente scuri e maglie e camicie chiare o al massimo variopinte. Da qualche mese, per\u00f2, qualcosa o meglio qualcuno \u00e8 arrivato a ravvivarlo: il blu elettrico. Arrivato in sordina nella stagione passata e ormai un must per ogni capo di abbigliamento. Per me che prima di osare ci penso non una ma cento volte, \u00e8 stato difficile decidere di acquistare qualcosa di blu. Poi ho deciso: parto da una borsa. Il primo acquisto blu elettrico \u00e8 stata una bag, non <a href=\"https:\/\/eleb.it\/wp-content\/uploads\/2015\/05\/Furla-blu-elettrico.jpg\"><img loading=\"lazy\" decoding=\"async\" class=\"alignleft size-thumbnail wp-image-473\" src=\"https:\/\/eleb.it\/wp-content\/uploads\/2015\/05\/Furla-blu-elettrico-150x150.jpg\" alt=\"Furla blu elettrico\" width=\"150\" height=\"150\" srcset=\"https:\/\/eleb.it\/wp-content\/uploads\/2015\/05\/Furla-blu-elettrico-150x150.jpg 150w, https:\/\/eleb.it\/wp-content\/uploads\/2015\/05\/Furla-blu-elettrico-100x100.jpg 100w\" sizes=\"(max-width: 150px) 100vw, 150px\" \/><\/a>molto grande, acquistata allo store outlet di Furla. Un colore insolito per i miei outfit che per\u00f2 sono riuscita ad abbinare bene. Poi sono passata agli smalti, splendenti e luminosi. E cos\u00ec \u00e8 iniziata la mia dipendenza da questo colore e dalle sue mille sfumature con delle maglie di Zara e gli immancabili accessori. Ma si abbiner\u00e0 con gli outfit estivi? Sfogliando le riviste di moda ho notato che, seppur in piccole dosi, viene proposto. Una maglia, una pochette, un orecchino&#8230;Vorr\u00e0 dire che mi adatter\u00f2, centelliner\u00f2 le macchie di colore blu nelle calde giornate di luglio e agosto, ma non ci rinuncer\u00f2!!! \ud83d\ude42<\/p>\n<div id=\"fb-root\"><\/div><script src=\"http:\/\/connect.facebook.net\/en_US\/all.js#xfbml=1\"><\/script><fb:like href=\"https:\/\/eleb.it\/?p=469\" send=\"false\" layout=\"standard\" width=\"450\" show_faces=\"true\" font=\"arial\" action=\"like\" colorscheme=\"light\"><\/fb:like>","protected":false},"excerpt":{"rendered":"<p>Blu, nero, grigio o al massimo jeans. I colori del mio armadio erano piatti, senza troppi sprazzi di colore. Pantaloni o leggings rigorosamente scuri e maglie e camicie chiare o al massimo variopinte. Da qualche mese, per\u00f2, qualcosa o meglio qualcuno \u00e8 arrivato a ravvivarlo: il blu elettrico. Arrivato in sordina nella stagione passata e [&hellip;]<\/p>\n","protected":false},"author":2,"featured_media":473,"comment_status":"open","ping_status":"open","sticky":false,"template":"","format":"standard","meta":{"footnotes":""},"categories":[4,7],"tags":[20,21,22,11],"class_list":["post-469","post","type-post","status-publish","format-standard","has-post-thumbnail","hentry","category-blog","category-fashion","tag-furla","tag-pupa","tag-rimmel","tag-zara","entry"],"aioseo_notices":[],"_links":{"self":[{"href":"https:\/\/eleb.it\/index.php?rest_route=\/wp\/v2\/posts\/469"}],"collection":[{"href":"https:\/\/eleb.it\/index.php?rest_route=\/wp\/v2\/posts"}],"about":[{"href":"https:\/\/eleb.it\/index.php?rest_route=\/wp\/v2\/types\/post"}],"author":[{"embeddable":true,"href":"https:\/\/eleb.it\/index.php?rest_route=\/wp\/v2\/users\/2"}],"replies":[{"embeddable":true,"href":"https:\/\/eleb.it\/index.php?rest_route=%2Fwp%2Fv2%2Fcomments&post=469"}],"version-history":[{"count":2,"href":"https:\/\/eleb.it\/index.php?rest_route=\/wp\/v2\/posts\/469\/revisions"}],"predecessor-version":[{"id":474,"href":"https:\/\/eleb.it\/index.php?rest_route=\/wp\/v2\/posts\/469\/revisions\/474"}],"wp:featuredmedia":[{"embeddable":true,"href":"https:\/\/eleb.it\/index.php?rest_route=\/wp\/v2\/media\/473"}],"wp:attachment":[{"href":"https:\/\/eleb.it\/index.php?rest_route=%2Fwp%2Fv2%2Fmedia&parent=469"}],"wp:term":[{"taxonomy":"category","embeddable":true,"href":"https:\/\/eleb.it\/index.php?rest_route=%2Fwp%2Fv2%2Fcategories&post=469"},{"taxonomy":"post_tag","embeddable":true,"href":"https:\/\/eleb.it\/index.php?rest_route=%2Fwp%2Fv2%2Ftags&post=469"}],"curies":[{"name":"wp","href":"https:\/\/api.w.org\/{rel}","templated":true}]}}