{"id":475,"date":"2015-05-22T10:12:43","date_gmt":"2015-05-22T08:12:43","guid":{"rendered":"https:\/\/eleb.it\/?p=475"},"modified":"2015-05-22T10:12:43","modified_gmt":"2015-05-22T08:12:43","slug":"micro-bag-e-pochette-per-lestate-tutto-in-pochi-centimetri-super-colorati","status":"publish","type":"post","link":"https:\/\/eleb.it\/?p=475","title":{"rendered":"Micro bag e pochette per l&#8217;estate&#8230;tutto in pochi centimetri super colorati"},"content":{"rendered":"<p>In estate, si sa, si \u00e8 pi\u00f9 stanchi e per certi versi si ha meno voglia di fare. Tutti cercano di essere pi\u00f9 leggeri: a tavola, al lavoro e anche per quanto riguarda il look. La mia passione pi\u00f9 grande sono le borse ma anche quelle in estate pesano. Per questo con l&#8217;arrivo della bella stagione mando in ferie tante shopper, soprattutto quelle nere, marroni e viola, e opto per pochette o bag super colorate. Il mio scrigno delle borsette \u00e8 una grande scatola di legno, una sorta di fortino, dove con massima cura le custodisco. Tutte sono rigorosamente inserite nella loro custodia e sistemate una sopra all&#8217;altra. Non ce n&#8217;\u00e8 una alla quale tengo di pi\u00f9, le adoro tutte!!! Le pi\u00f9 simpatiche sono piccole borsette di pelle che uso per lo pi\u00f9 la sera: una di pelle gialla, una pi\u00f9 grande nera adatta per tutte le occasioni, una postina rosa, e l&#8217;ultima arrivata una micro bag di cavallino leopardata, tutte di Coccinelle, ma anche la famosa Celeste verde, <a href=\"https:\/\/eleb.it\/wp-content\/uploads\/2015\/05\/IMG_20150522_100809.jpg\"><img loading=\"lazy\" decoding=\"async\" class=\"alignleft size-thumbnail wp-image-476\" src=\"https:\/\/eleb.it\/wp-content\/uploads\/2015\/05\/IMG_20150522_100809-150x150.jpg\" alt=\"IMG_20150522_100809\" width=\"150\" height=\"150\" srcset=\"https:\/\/eleb.it\/wp-content\/uploads\/2015\/05\/IMG_20150522_100809-150x150.jpg 150w, https:\/\/eleb.it\/wp-content\/uploads\/2015\/05\/IMG_20150522_100809-100x100.jpg 100w\" sizes=\"(max-width: 150px) 100vw, 150px\" \/><\/a>sempre di Coccinelle. Frizzante la pochette in stile country, che uso generalmente al mare, o la piccolissima bag rosa e blu dallo stile english di Accessorize. Le borse pi\u00f9 piccole, anche se pi\u00f9 scomode e spesso, come dicono gli uomini inutili, sono anche le pi\u00f9 eleganti. Dal design ricercato e curato le baguette di Gucci e Louis Vuitton adatte per una passeggiate in jeans e Converse, ma anche per una serata di gala con tubino nero e tacchi a spillo. E poi c&#8217;\u00e8 la nera di Aldo, quella da braccio di Tommy Hilfiger, la vintage rubata dall&#8217;armadio della nonna e quella sportiva da usare con tuta e scarpe da ginnastica. Insomma ce n&#8217;\u00e8 per tutti i gusti&#8230;l&#8217;importante per\u00f2 \u00a0\u00e8 che siano graziose e colorate!!! \ud83d\ude42<\/p>\n<div id=\"fb-root\"><\/div><script src=\"http:\/\/connect.facebook.net\/en_US\/all.js#xfbml=1\"><\/script><fb:like href=\"https:\/\/eleb.it\/?p=475\" send=\"false\" layout=\"standard\" width=\"450\" show_faces=\"true\" font=\"arial\" action=\"like\" colorscheme=\"light\"><\/fb:like>","protected":false},"excerpt":{"rendered":"<p>In estate, si sa, si \u00e8 pi\u00f9 stanchi e per certi versi si ha meno voglia di fare. Tutti cercano di essere pi\u00f9 leggeri: a tavola, al lavoro e anche per quanto riguarda il look. La mia passione pi\u00f9 grande sono le borse ma anche quelle in estate pesano. Per questo con l&#8217;arrivo della bella [&hellip;]<\/p>\n","protected":false},"author":2,"featured_media":476,"comment_status":"open","ping_status":"open","sticky":false,"template":"","format":"standard","meta":{"footnotes":""},"categories":[7,8],"tags":[],"class_list":["post-475","post","type-post","status-publish","format-standard","has-post-thumbnail","hentry","category-fashion","category-style","entry"],"aioseo_notices":[],"_links":{"self":[{"href":"https:\/\/eleb.it\/index.php?rest_route=\/wp\/v2\/posts\/475"}],"collection":[{"href":"https:\/\/eleb.it\/index.php?rest_route=\/wp\/v2\/posts"}],"about":[{"href":"https:\/\/eleb.it\/index.php?rest_route=\/wp\/v2\/types\/post"}],"author":[{"embeddable":true,"href":"https:\/\/eleb.it\/index.php?rest_route=\/wp\/v2\/users\/2"}],"replies":[{"embeddable":true,"href":"https:\/\/eleb.it\/index.php?rest_route=%2Fwp%2Fv2%2Fcomments&post=475"}],"version-history":[{"count":1,"href":"https:\/\/eleb.it\/index.php?rest_route=\/wp\/v2\/posts\/475\/revisions"}],"predecessor-version":[{"id":477,"href":"https:\/\/eleb.it\/index.php?rest_route=\/wp\/v2\/posts\/475\/revisions\/477"}],"wp:featuredmedia":[{"embeddable":true,"href":"https:\/\/eleb.it\/index.php?rest_route=\/wp\/v2\/media\/476"}],"wp:attachment":[{"href":"https:\/\/eleb.it\/index.php?rest_route=%2Fwp%2Fv2%2Fmedia&parent=475"}],"wp:term":[{"taxonomy":"category","embeddable":true,"href":"https:\/\/eleb.it\/index.php?rest_route=%2Fwp%2Fv2%2Fcategories&post=475"},{"taxonomy":"post_tag","embeddable":true,"href":"https:\/\/eleb.it\/index.php?rest_route=%2Fwp%2Fv2%2Ftags&post=475"}],"curies":[{"name":"wp","href":"https:\/\/api.w.org\/{rel}","templated":true}]}}