{"id":479,"date":"2015-05-30T10:29:22","date_gmt":"2015-05-30T08:29:22","guid":{"rendered":"https:\/\/eleb.it\/?p=479"},"modified":"2015-05-30T10:29:39","modified_gmt":"2015-05-30T08:29:39","slug":"quando-una-maglietta-bianca-e-le-track-sole-possono-bastare","status":"publish","type":"post","link":"https:\/\/eleb.it\/?p=479","title":{"rendered":"Quando una maglietta bianca e le Track sole possono bastare&#8230;"},"content":{"rendered":"<p>Guardando le vetrine e i piedi delle teen agers potremmo pensare: ma cosa sono quelle scarpe? In realt\u00e0 le\u00a0Track sole sono il must have dell&#8217;estate 2015. Ho avuto molti dubbi se comprarle o meno, alla fine ho ceduto e ne ho prese un paio economiche per evitare cos\u00ec di pentirmi se non le avrei messe. In realt\u00e0 devo dire che fino a ora mi sono trovata abbastanza bene. Non serve una grande fantasia per abbinarle. Bastano un paio di jeans, rigorosamente skinny (Zara) come del resto tutti quelli di questa stagione, una maglia bianca (H&amp;M) e il gioco \u00e8 fatto. Le ho indossate subito dopo averle comprate&#8230;sono leggere e anche piuttosto alte. Facili da abbinare, anche perch\u00e8 le ho prese beige <a href=\"https:\/\/eleb.it\/wp-content\/uploads\/2015\/05\/eleb.jpg\"><img loading=\"lazy\" decoding=\"async\" class=\"alignleft size-thumbnail wp-image-481\" src=\"https:\/\/eleb.it\/wp-content\/uploads\/2015\/05\/eleb-150x150.jpg\" alt=\"Jpeg\" width=\"150\" height=\"150\" srcset=\"https:\/\/eleb.it\/wp-content\/uploads\/2015\/05\/eleb-150x150.jpg 150w, https:\/\/eleb.it\/wp-content\/uploads\/2015\/05\/eleb-100x100.jpg 100w\" sizes=\"(max-width: 150px) 100vw, 150px\" \/><\/a>e bianche, e simpatiche. Vista la temperatura rigida di questi giorni mi sono coperta con un maxi pull a trecce (Berska) e ho ingentilito tutto con una collana oro (Fendi) e delle perle. Un look che potrebbe sembrare poco femminile, soprattutto per i miei gusti, \u00a0ma che alla fine mi ha convinto. Non so quanto mi sentir\u00f2 giovane e continuer\u00f2 a usarle, anzi forse le metter\u00f2 davvero poco anche perch\u00e8 l&#8217;estate preferisco le scarpe aperte. Per\u00f2 devo dire che le\u00a0Track sole hanno rotto gli schemi spesso troppo rigorosi del mio armadio e portato una ventata di allegria&#8230;che in fondo poi fa rima a perfezione con estate! \ud83d\ude42<\/p>\n<div id=\"fb-root\"><\/div><script src=\"http:\/\/connect.facebook.net\/en_US\/all.js#xfbml=1\"><\/script><fb:like href=\"https:\/\/eleb.it\/?p=479\" send=\"false\" layout=\"standard\" width=\"450\" show_faces=\"true\" font=\"arial\" action=\"like\" colorscheme=\"light\"><\/fb:like>","protected":false},"excerpt":{"rendered":"<p>Guardando le vetrine e i piedi delle teen agers potremmo pensare: ma cosa sono quelle scarpe? In realt\u00e0 le\u00a0Track sole sono il must have dell&#8217;estate 2015. Ho avuto molti dubbi se comprarle o meno, alla fine ho ceduto e ne ho prese un paio economiche per evitare cos\u00ec di pentirmi se non le avrei messe. [&hellip;]<\/p>\n","protected":false},"author":2,"featured_media":481,"comment_status":"open","ping_status":"open","sticky":false,"template":"","format":"standard","meta":{"footnotes":""},"categories":[4,7],"tags":[],"class_list":["post-479","post","type-post","status-publish","format-standard","has-post-thumbnail","hentry","category-blog","category-fashion","entry"],"aioseo_notices":[],"_links":{"self":[{"href":"https:\/\/eleb.it\/index.php?rest_route=\/wp\/v2\/posts\/479"}],"collection":[{"href":"https:\/\/eleb.it\/index.php?rest_route=\/wp\/v2\/posts"}],"about":[{"href":"https:\/\/eleb.it\/index.php?rest_route=\/wp\/v2\/types\/post"}],"author":[{"embeddable":true,"href":"https:\/\/eleb.it\/index.php?rest_route=\/wp\/v2\/users\/2"}],"replies":[{"embeddable":true,"href":"https:\/\/eleb.it\/index.php?rest_route=%2Fwp%2Fv2%2Fcomments&post=479"}],"version-history":[{"count":1,"href":"https:\/\/eleb.it\/index.php?rest_route=\/wp\/v2\/posts\/479\/revisions"}],"predecessor-version":[{"id":482,"href":"https:\/\/eleb.it\/index.php?rest_route=\/wp\/v2\/posts\/479\/revisions\/482"}],"wp:featuredmedia":[{"embeddable":true,"href":"https:\/\/eleb.it\/index.php?rest_route=\/wp\/v2\/media\/481"}],"wp:attachment":[{"href":"https:\/\/eleb.it\/index.php?rest_route=%2Fwp%2Fv2%2Fmedia&parent=479"}],"wp:term":[{"taxonomy":"category","embeddable":true,"href":"https:\/\/eleb.it\/index.php?rest_route=%2Fwp%2Fv2%2Fcategories&post=479"},{"taxonomy":"post_tag","embeddable":true,"href":"https:\/\/eleb.it\/index.php?rest_route=%2Fwp%2Fv2%2Ftags&post=479"}],"curies":[{"name":"wp","href":"https:\/\/api.w.org\/{rel}","templated":true}]}}