{"id":484,"date":"2015-06-09T10:42:44","date_gmt":"2015-06-09T08:42:44","guid":{"rendered":"https:\/\/eleb.it\/?p=484"},"modified":"2015-06-09T10:42:44","modified_gmt":"2015-06-09T08:42:44","slug":"santiago-de-compostela-il-cammino-nellanimo-tra-gioie-e-dolori","status":"publish","type":"post","link":"https:\/\/eleb.it\/?p=484","title":{"rendered":"Santiago de Compostela, il cammino nell&#8217;animo tra gioie e dolori"},"content":{"rendered":"<p>Avevo letto decine di articoli, libri, visto documentari e approfondimenti, ma dopo un solo giorno passato sulla rotta Giacobea capii che Il Cammino di Santiago non si pu\u00f2 raccontare, si deve vivere. Quell\u2019anno avevo viaggiato molto. Prima in Kenya in inverno, poi a Malta in estate con gli amici. A ottobre, raccogliendo l\u2019invito della mia diocesi, decisi di partire con 40 giovani miei coetanei che non conoscevo. Un\u2019esperienza diversa, controcorrente rispetto al mio modo di essere, che per\u00f2 volevo fare a tutti i costi. Sapevo che non sarebbe stata una passeggiata, eppure avevo dentro un\u2019adrenalina incredibile. Una forza che mi diceva di andare e vivere quest\u2019esperienza. I giorni prima della partenza preparai lo zaino con cura, pesando ogni indumento e scegliendo con attenzione scarponi e antidolorifici. Io che prima di un viaggio penso sempre a macchina fotografica, occhiali da sole e qualche libro, mi ritrovavo a fare i conti con uno scomodo zaino da trekking che dovevo tenere sulle spalle per una settimana. Il giorno della partenza, il primo ottobre, conobbi tutti i partecipanti. A parte Gabriele, mio compaesano e oggi sacerdote, gli altri erano per me dei perfetti sconosciuti. Alla guida del gruppo c\u2019era don Roberto, responsabile della pastorale giovanile, che dava raccomandazione e invitava tutti a fraternizzare. Dopo l\u2019arrivo a Porto (Portogallo), in pullman arrivammo a Sarr\u00ec\u00e0 a circa 130 chilometri da Santiago\u2026una passeggiata. Un albergo a 4 stelle, una cena discreta e ogni tipo di confort, ma era solo per un giorno. L\u2019indomani, infatti, inizi\u00f2 il cammino e tutto ci\u00f2 spar\u00ec. Partimmo dopo una preghiera comune e qualche canto. Zaino in spalla, scarponi ai piedi e un bastone simbolo del cammino in mano. Il sorriso e l\u2019entusiasmo sul mio volto si spensero dopo pochi chilometri davanti a una salita ripidissima immersa in un bosco incantevole. Gi\u00e0 a met\u00e0 giornata dolori, fatica e stanchezza presero il sopravvento e arrivare all\u2019ostello dove dovevamo trascorrere la prima notte fu un\u2019impresa eroica. Continuavo a ripetere che non ce la facevo, ma la mia forza di andare avanti mi spingeva a fare piccoli passi verso la prima meta. I miei compagni di viaggio mi aiutavano e mi incoraggiavano. Passai la notte dolorante, immobilizzata nel letto con dubbi e paure. La mattina presi un antidolorifico andando contro ogni mio principio, un Cola \u2013 Cao caldo e due fette di pane con marmellata. Affidai lo zaino a un transfer che per soli 3 euro lo portava alla tappa successiva e partii. Da quel giorno la grinta si trasform\u00f2 in forza. Insieme ai miei nuovi amici solcai colline, viali agresti, stradine di piccoli borghi e marciapiedi cittadini. Il rituale era sempre lo stesso: sveglia presto, preghiera, colazione e partenza. Sosta a met\u00e0 mattino, pranzo dopo un paio d\u2019ore e poi arrivo in uno ostello dove trascorrere la notte, messa, cena e riposo. Andavo avanti senza pensare ai dolori, ai disagi, alle condizioni difficili in cui mi trovavo. Condividevo la stanza anche con 80 persone, mi ritrovavo a disinfettare i miei piedi pieni di ferite, ma poi sorridevo quando al lato della strada vedevo le colonnine che indicavano la distanza da Santiago che si avvicinava giorno dopo giorno. \u00c8 stato un viaggio contro me stessa e dentro me stessa. Un viaggio in cui ho dovuto fare i conti con paure, dubbi, incertezze, tante e tante difficolt\u00e0. Come dimenticare la giornata trascorsa sotto la pioggia con 27 chilometri da affrontare e un dolore alla schiena che mi toglieva il respiro. E poi mai avrei immaginato di dover dormire in un ostello con cos\u00ec tante persone, bucare le vesciche ai piedi, o mangiare per 7 giorni di seguito pane e Jambon che per\u00f2 in quel momento mi sembrava il pranzo pi\u00f9 buono del mondo. Non avrei neanche immaginato di camminare per ore con un mio compaesano di cui sapevo poco e trovarci a parlare della vita degli anziani del nostro paese, delle tradizioni scomparse e di quelle da tutelare. Come dimenticare poi gli incantevoli scenari, la frutta colta dagli alberi, i canti a squarciagola per non pensare ai chilometri di affrontare e la gioia di arrivare a Monte do Gozo e capire che il viaggio, anche se lungo, duro e difficile, era finito. Quando arrivai nella grande piazza davanti alla cattedrale di Santiago mi misi in fila per poter entrare e guardai quella scena da spettatrice e non da protagonista. Avevo alle spalle 130 chilometri, tante esperienze, tanti dolori e tanti insegnamenti. Fu in quel momento che capii che il cammino di Santiago mi aveva lasciato tante cicatrici, ma allo stesso tempo mi aveva dato tanta forza e mi aveva fatto scoprire un po\u2019 di pi\u00f9 Eleonora. Un viaggio nel cuore e nella mente, che non dimenticher\u00f2 mai. \ud83d\ude09<\/p>\n\n\t\t<style type=\"text\/css\">\n\t\t\t#gallery-1 {\n\t\t\t\tmargin: auto;\n\t\t\t}\n\t\t\t#gallery-1 .gallery-item {\n\t\t\t\tfloat: left;\n\t\t\t\tmargin-top: 10px;\n\t\t\t\ttext-align: center;\n\t\t\t\twidth: 33%;\n\t\t\t}\n\t\t\t#gallery-1 img {\n\t\t\t\tborder: 2px solid #cfcfcf;\n\t\t\t}\n\t\t\t#gallery-1 .gallery-caption {\n\t\t\t\tmargin-left: 0;\n\t\t\t}\n\t\t\t\/* see gallery_shortcode() in wp-includes\/media.php *\/\n\t\t<\/style>\n\t\t<div id='gallery-1' class='gallery galleryid-484 gallery-columns-3 gallery-size-thumbnail'><dl class='gallery-item'>\n\t\t\t<dt class='gallery-icon landscape'>\n\t\t\t\t<a href='https:\/\/eleb.it\/?attachment_id=485'><img loading=\"lazy\" decoding=\"async\" width=\"150\" height=\"150\" src=\"https:\/\/eleb.it\/wp-content\/uploads\/2015\/06\/Cammino-1-150x150.jpg\" class=\"attachment-thumbnail size-thumbnail\" alt=\"\" srcset=\"https:\/\/eleb.it\/wp-content\/uploads\/2015\/06\/Cammino-1-150x150.jpg 150w, https:\/\/eleb.it\/wp-content\/uploads\/2015\/06\/Cammino-1-100x100.jpg 100w\" sizes=\"(max-width: 150px) 100vw, 150px\" \/><\/a>\n\t\t\t<\/dt><\/dl><dl class='gallery-item'>\n\t\t\t<dt class='gallery-icon landscape'>\n\t\t\t\t<a href='https:\/\/eleb.it\/?attachment_id=486'><img loading=\"lazy\" decoding=\"async\" width=\"150\" height=\"150\" src=\"https:\/\/eleb.it\/wp-content\/uploads\/2015\/06\/Cammino-2-150x150.jpg\" class=\"attachment-thumbnail size-thumbnail\" alt=\"\" srcset=\"https:\/\/eleb.it\/wp-content\/uploads\/2015\/06\/Cammino-2-150x150.jpg 150w, https:\/\/eleb.it\/wp-content\/uploads\/2015\/06\/Cammino-2-100x100.jpg 100w\" sizes=\"(max-width: 150px) 100vw, 150px\" \/><\/a>\n\t\t\t<\/dt><\/dl><dl class='gallery-item'>\n\t\t\t<dt class='gallery-icon landscape'>\n\t\t\t\t<a href='https:\/\/eleb.it\/?attachment_id=487'><img loading=\"lazy\" decoding=\"async\" width=\"150\" height=\"150\" src=\"https:\/\/eleb.it\/wp-content\/uploads\/2015\/06\/Cammino-3-150x150.jpg\" class=\"attachment-thumbnail size-thumbnail\" alt=\"\" srcset=\"https:\/\/eleb.it\/wp-content\/uploads\/2015\/06\/Cammino-3-150x150.jpg 150w, https:\/\/eleb.it\/wp-content\/uploads\/2015\/06\/Cammino-3-100x100.jpg 100w\" sizes=\"(max-width: 150px) 100vw, 150px\" \/><\/a>\n\t\t\t<\/dt><\/dl><br style=\"clear: both\" \/><dl class='gallery-item'>\n\t\t\t<dt class='gallery-icon landscape'>\n\t\t\t\t<a href='https:\/\/eleb.it\/?attachment_id=488'><img loading=\"lazy\" decoding=\"async\" width=\"150\" height=\"150\" src=\"https:\/\/eleb.it\/wp-content\/uploads\/2015\/06\/Cammino-4-150x150.jpg\" class=\"attachment-thumbnail size-thumbnail\" alt=\"\" srcset=\"https:\/\/eleb.it\/wp-content\/uploads\/2015\/06\/Cammino-4-150x150.jpg 150w, https:\/\/eleb.it\/wp-content\/uploads\/2015\/06\/Cammino-4-100x100.jpg 100w\" sizes=\"(max-width: 150px) 100vw, 150px\" \/><\/a>\n\t\t\t<\/dt><\/dl><dl class='gallery-item'>\n\t\t\t<dt class='gallery-icon landscape'>\n\t\t\t\t<a href='https:\/\/eleb.it\/?attachment_id=489'><img loading=\"lazy\" decoding=\"async\" width=\"150\" height=\"150\" src=\"https:\/\/eleb.it\/wp-content\/uploads\/2015\/06\/Cammino-5-150x150.jpg\" class=\"attachment-thumbnail size-thumbnail\" alt=\"\" srcset=\"https:\/\/eleb.it\/wp-content\/uploads\/2015\/06\/Cammino-5-150x150.jpg 150w, https:\/\/eleb.it\/wp-content\/uploads\/2015\/06\/Cammino-5-100x100.jpg 100w\" sizes=\"(max-width: 150px) 100vw, 150px\" \/><\/a>\n\t\t\t<\/dt><\/dl><dl class='gallery-item'>\n\t\t\t<dt class='gallery-icon landscape'>\n\t\t\t\t<a href='https:\/\/eleb.it\/?attachment_id=490'><img loading=\"lazy\" decoding=\"async\" width=\"150\" height=\"150\" src=\"https:\/\/eleb.it\/wp-content\/uploads\/2015\/06\/Cammino-6-150x150.jpg\" class=\"attachment-thumbnail size-thumbnail\" alt=\"\" srcset=\"https:\/\/eleb.it\/wp-content\/uploads\/2015\/06\/Cammino-6-150x150.jpg 150w, https:\/\/eleb.it\/wp-content\/uploads\/2015\/06\/Cammino-6-100x100.jpg 100w\" sizes=\"(max-width: 150px) 100vw, 150px\" \/><\/a>\n\t\t\t<\/dt><\/dl><br style=\"clear: both\" \/><dl class='gallery-item'>\n\t\t\t<dt class='gallery-icon landscape'>\n\t\t\t\t<a href='https:\/\/eleb.it\/?attachment_id=491'><img loading=\"lazy\" decoding=\"async\" width=\"150\" height=\"150\" src=\"https:\/\/eleb.it\/wp-content\/uploads\/2015\/06\/Cammino-7-150x150.jpg\" class=\"attachment-thumbnail size-thumbnail\" alt=\"\" srcset=\"https:\/\/eleb.it\/wp-content\/uploads\/2015\/06\/Cammino-7-150x150.jpg 150w, https:\/\/eleb.it\/wp-content\/uploads\/2015\/06\/Cammino-7-100x100.jpg 100w\" sizes=\"(max-width: 150px) 100vw, 150px\" \/><\/a>\n\t\t\t<\/dt><\/dl><dl class='gallery-item'>\n\t\t\t<dt class='gallery-icon portrait'>\n\t\t\t\t<a href='https:\/\/eleb.it\/?attachment_id=492'><img loading=\"lazy\" decoding=\"async\" width=\"150\" height=\"150\" src=\"https:\/\/eleb.it\/wp-content\/uploads\/2015\/06\/Cammino-8-150x150.jpg\" class=\"attachment-thumbnail size-thumbnail\" alt=\"\" srcset=\"https:\/\/eleb.it\/wp-content\/uploads\/2015\/06\/Cammino-8-150x150.jpg 150w, https:\/\/eleb.it\/wp-content\/uploads\/2015\/06\/Cammino-8-100x100.jpg 100w\" sizes=\"(max-width: 150px) 100vw, 150px\" \/><\/a>\n\t\t\t<\/dt><\/dl><dl class='gallery-item'>\n\t\t\t<dt class='gallery-icon portrait'>\n\t\t\t\t<a href='https:\/\/eleb.it\/?attachment_id=493'><img loading=\"lazy\" decoding=\"async\" width=\"150\" height=\"150\" src=\"https:\/\/eleb.it\/wp-content\/uploads\/2015\/06\/Cammino-9-150x150.jpg\" class=\"attachment-thumbnail size-thumbnail\" alt=\"\" srcset=\"https:\/\/eleb.it\/wp-content\/uploads\/2015\/06\/Cammino-9-150x150.jpg 150w, https:\/\/eleb.it\/wp-content\/uploads\/2015\/06\/Cammino-9-100x100.jpg 100w\" sizes=\"(max-width: 150px) 100vw, 150px\" \/><\/a>\n\t\t\t<\/dt><\/dl><br style=\"clear: both\" \/><dl class='gallery-item'>\n\t\t\t<dt class='gallery-icon portrait'>\n\t\t\t\t<a href='https:\/\/eleb.it\/?attachment_id=494'><img loading=\"lazy\" decoding=\"async\" width=\"150\" height=\"150\" src=\"https:\/\/eleb.it\/wp-content\/uploads\/2015\/06\/Cammino-10-150x150.jpg\" class=\"attachment-thumbnail size-thumbnail\" alt=\"\" srcset=\"https:\/\/eleb.it\/wp-content\/uploads\/2015\/06\/Cammino-10-150x150.jpg 150w, https:\/\/eleb.it\/wp-content\/uploads\/2015\/06\/Cammino-10-100x100.jpg 100w\" sizes=\"(max-width: 150px) 100vw, 150px\" \/><\/a>\n\t\t\t<\/dt><\/dl><dl class='gallery-item'>\n\t\t\t<dt class='gallery-icon landscape'>\n\t\t\t\t<a href='https:\/\/eleb.it\/?attachment_id=495'><img loading=\"lazy\" decoding=\"async\" width=\"150\" height=\"150\" src=\"https:\/\/eleb.it\/wp-content\/uploads\/2015\/06\/Cammino-11-150x150.jpg\" class=\"attachment-thumbnail size-thumbnail\" alt=\"\" srcset=\"https:\/\/eleb.it\/wp-content\/uploads\/2015\/06\/Cammino-11-150x150.jpg 150w, https:\/\/eleb.it\/wp-content\/uploads\/2015\/06\/Cammino-11-100x100.jpg 100w\" sizes=\"(max-width: 150px) 100vw, 150px\" \/><\/a>\n\t\t\t<\/dt><\/dl><dl class='gallery-item'>\n\t\t\t<dt class='gallery-icon portrait'>\n\t\t\t\t<a href='https:\/\/eleb.it\/?attachment_id=496'><img loading=\"lazy\" decoding=\"async\" width=\"150\" height=\"150\" src=\"https:\/\/eleb.it\/wp-content\/uploads\/2015\/06\/Cammino-12-Copia-150x150.jpg\" class=\"attachment-thumbnail size-thumbnail\" alt=\"\" srcset=\"https:\/\/eleb.it\/wp-content\/uploads\/2015\/06\/Cammino-12-Copia-150x150.jpg 150w, https:\/\/eleb.it\/wp-content\/uploads\/2015\/06\/Cammino-12-Copia-100x100.jpg 100w\" sizes=\"(max-width: 150px) 100vw, 150px\" \/><\/a>\n\t\t\t<\/dt><\/dl><br style=\"clear: both\" \/><dl class='gallery-item'>\n\t\t\t<dt class='gallery-icon landscape'>\n\t\t\t\t<a href='https:\/\/eleb.it\/?attachment_id=497'><img loading=\"lazy\" decoding=\"async\" width=\"150\" height=\"150\" src=\"https:\/\/eleb.it\/wp-content\/uploads\/2015\/06\/Cammino-13-150x150.jpg\" class=\"attachment-thumbnail size-thumbnail\" alt=\"\" srcset=\"https:\/\/eleb.it\/wp-content\/uploads\/2015\/06\/Cammino-13-150x150.jpg 150w, https:\/\/eleb.it\/wp-content\/uploads\/2015\/06\/Cammino-13-100x100.jpg 100w\" sizes=\"(max-width: 150px) 100vw, 150px\" \/><\/a>\n\t\t\t<\/dt><\/dl><dl class='gallery-item'>\n\t\t\t<dt class='gallery-icon portrait'>\n\t\t\t\t<a href='https:\/\/eleb.it\/?attachment_id=498'><img loading=\"lazy\" decoding=\"async\" width=\"150\" height=\"150\" src=\"https:\/\/eleb.it\/wp-content\/uploads\/2015\/06\/Cammino-14-Copia-150x150.jpg\" class=\"attachment-thumbnail size-thumbnail\" alt=\"\" srcset=\"https:\/\/eleb.it\/wp-content\/uploads\/2015\/06\/Cammino-14-Copia-150x150.jpg 150w, https:\/\/eleb.it\/wp-content\/uploads\/2015\/06\/Cammino-14-Copia-100x100.jpg 100w\" sizes=\"(max-width: 150px) 100vw, 150px\" \/><\/a>\n\t\t\t<\/dt><\/dl><dl class='gallery-item'>\n\t\t\t<dt class='gallery-icon landscape'>\n\t\t\t\t<a href='https:\/\/eleb.it\/?attachment_id=499'><img loading=\"lazy\" decoding=\"async\" width=\"150\" height=\"150\" src=\"https:\/\/eleb.it\/wp-content\/uploads\/2015\/06\/Cammino-15-150x150.jpg\" class=\"attachment-thumbnail size-thumbnail\" alt=\"\" srcset=\"https:\/\/eleb.it\/wp-content\/uploads\/2015\/06\/Cammino-15-150x150.jpg 150w, https:\/\/eleb.it\/wp-content\/uploads\/2015\/06\/Cammino-15-100x100.jpg 100w\" sizes=\"(max-width: 150px) 100vw, 150px\" \/><\/a>\n\t\t\t<\/dt><\/dl><br style=\"clear: both\" \/><dl class='gallery-item'>\n\t\t\t<dt class='gallery-icon landscape'>\n\t\t\t\t<a href='https:\/\/eleb.it\/?attachment_id=500'><img loading=\"lazy\" decoding=\"async\" width=\"150\" height=\"150\" src=\"https:\/\/eleb.it\/wp-content\/uploads\/2015\/06\/Cammino-16-150x150.jpg\" class=\"attachment-thumbnail size-thumbnail\" alt=\"\" srcset=\"https:\/\/eleb.it\/wp-content\/uploads\/2015\/06\/Cammino-16-150x150.jpg 150w, https:\/\/eleb.it\/wp-content\/uploads\/2015\/06\/Cammino-16-100x100.jpg 100w\" sizes=\"(max-width: 150px) 100vw, 150px\" \/><\/a>\n\t\t\t<\/dt><\/dl><dl class='gallery-item'>\n\t\t\t<dt class='gallery-icon landscape'>\n\t\t\t\t<a href='https:\/\/eleb.it\/?attachment_id=501'><img loading=\"lazy\" decoding=\"async\" width=\"150\" height=\"150\" src=\"https:\/\/eleb.it\/wp-content\/uploads\/2015\/06\/Cammmino-150x150.jpg\" class=\"attachment-thumbnail size-thumbnail\" alt=\"\" srcset=\"https:\/\/eleb.it\/wp-content\/uploads\/2015\/06\/Cammmino-150x150.jpg 150w, https:\/\/eleb.it\/wp-content\/uploads\/2015\/06\/Cammmino-100x100.jpg 100w\" sizes=\"(max-width: 150px) 100vw, 150px\" \/><\/a>\n\t\t\t<\/dt><\/dl>\n\t\t\t<br style='clear: both' \/>\n\t\t<\/div>\n\n<div id=\"fb-root\"><\/div><script src=\"http:\/\/connect.facebook.net\/en_US\/all.js#xfbml=1\"><\/script><fb:like href=\"https:\/\/eleb.it\/?p=484\" send=\"false\" layout=\"standard\" width=\"450\" show_faces=\"true\" font=\"arial\" action=\"like\" colorscheme=\"light\"><\/fb:like>","protected":false},"excerpt":{"rendered":"<p>Avevo letto decine di articoli, libri, visto documentari e approfondimenti, ma dopo un solo giorno passato sulla rotta Giacobea capii che Il Cammino di Santiago non si pu\u00f2 raccontare, si deve vivere. Quell\u2019anno avevo viaggiato molto. Prima in Kenya in inverno, poi a Malta in estate con gli amici. A ottobre, raccogliendo l\u2019invito della mia [&hellip;]<\/p>\n","protected":false},"author":2,"featured_media":501,"comment_status":"open","ping_status":"open","sticky":false,"template":"","format":"standard","meta":{"footnotes":""},"categories":[6],"tags":[],"class_list":["post-484","post","type-post","status-publish","format-standard","has-post-thumbnail","hentry","category-reportage","entry"],"aioseo_notices":[],"_links":{"self":[{"href":"https:\/\/eleb.it\/index.php?rest_route=\/wp\/v2\/posts\/484"}],"collection":[{"href":"https:\/\/eleb.it\/index.php?rest_route=\/wp\/v2\/posts"}],"about":[{"href":"https:\/\/eleb.it\/index.php?rest_route=\/wp\/v2\/types\/post"}],"author":[{"embeddable":true,"href":"https:\/\/eleb.it\/index.php?rest_route=\/wp\/v2\/users\/2"}],"replies":[{"embeddable":true,"href":"https:\/\/eleb.it\/index.php?rest_route=%2Fwp%2Fv2%2Fcomments&post=484"}],"version-history":[{"count":1,"href":"https:\/\/eleb.it\/index.php?rest_route=\/wp\/v2\/posts\/484\/revisions"}],"predecessor-version":[{"id":502,"href":"https:\/\/eleb.it\/index.php?rest_route=\/wp\/v2\/posts\/484\/revisions\/502"}],"wp:featuredmedia":[{"embeddable":true,"href":"https:\/\/eleb.it\/index.php?rest_route=\/wp\/v2\/media\/501"}],"wp:attachment":[{"href":"https:\/\/eleb.it\/index.php?rest_route=%2Fwp%2Fv2%2Fmedia&parent=484"}],"wp:term":[{"taxonomy":"category","embeddable":true,"href":"https:\/\/eleb.it\/index.php?rest_route=%2Fwp%2Fv2%2Fcategories&post=484"},{"taxonomy":"post_tag","embeddable":true,"href":"https:\/\/eleb.it\/index.php?rest_route=%2Fwp%2Fv2%2Ftags&post=484"}],"curies":[{"name":"wp","href":"https:\/\/api.w.org\/{rel}","templated":true}]}}