{"id":506,"date":"2015-10-20T10:01:12","date_gmt":"2015-10-20T08:01:12","guid":{"rendered":"https:\/\/eleb.it\/?p=506"},"modified":"2015-10-20T10:33:07","modified_gmt":"2015-10-20T08:33:07","slug":"ricomincio-dal-bordeaux-smalto-rossetto-e-maglioni-per-lautunno-inverno-20152016","status":"publish","type":"post","link":"https:\/\/eleb.it\/?p=506","title":{"rendered":"Ricomincio dal bordeaux! Smalto, rossetto e maglioni per l&#8217;autunno &#8211; inverno 2015\/2016"},"content":{"rendered":"<p>Si riparte. Le foglie iniziano a cadere, il freddo comincia a farsi sentire e le vetrine si tingono dei nuovi colori dell&#8217;autunno. E&#8217; arrivata la nuova stagione e con lei le tendenze provenienti direttamente dalle passerelle di New York, Milano e Parigi. Archiviati i colori brillanti dell&#8217;estate \u00e8 tempo di guardare alla nuova stagione con decisione. Eh s\u00ec perch\u00e8 i colori proposti per il make up quest&#8217;anno sono molto forti. <a href=\"https:\/\/eleb.it\/wp-content\/uploads\/2015\/10\/Rossetti-Kiko-Eleb.it_.jpg\"><img loading=\"lazy\" decoding=\"async\" class=\"alignleft size-thumbnail wp-image-510\" src=\"https:\/\/eleb.it\/wp-content\/uploads\/2015\/10\/Rossetti-Kiko-Eleb.it_-150x150.jpg\" alt=\"Rossetti Kiko Eleb.it\" width=\"150\" height=\"150\" srcset=\"https:\/\/eleb.it\/wp-content\/uploads\/2015\/10\/Rossetti-Kiko-Eleb.it_-150x150.jpg 150w, https:\/\/eleb.it\/wp-content\/uploads\/2015\/10\/Rossetti-Kiko-Eleb.it_-100x100.jpg 100w\" sizes=\"(max-width: 150px) 100vw, 150px\" \/><\/a>Nel mio beauty case ha fatto capolino il bordeaux. Prima timidamente si \u00e8 affacciato nella magica scatola degli smalti con delle sfumature dal rosso intenso al bordeaux scuro, e poi anche tra i rossetti e le matite. L&#8217;impatto certo non \u00e8 facile. Prima di passare a un uso quasi quotidiano ho iniziato con un bordeaux tenue di Kiko, con un effetto non del tutto coprente. Poi ho fatto il salto direttamente verso il bordeaux intenso di L&#8217;Or\u00e9al, forte, opaco e molto coprente. In abbinamento ho scelto un trucco semplice: un velo di\u00a0Bb cream di Clarins sul viso, un ombretto molto chiaro, un filo di matita e rimmel. Meno prudenza sulle unghie: bordeaux intenso e brillante di Pupa! E poi c&#8217;\u00e8 l&#8217;armadio che passo dopo passo si converte alle nuove tendenze. Si parte con una maglia da indossare sui jeans e sui pantaloni culottes &#8211; tanto amati dalle donne e tanto odiati dagli uomini &#8211; ma anche con sciarpe e giacche! \u00a0Per quanto riguarda gli abbinamenti trovo delizioso il \u00a0matrimonio autunnale tra il bordeaux e il rosa pallido, ma anche con il classico nero va molto d&#8217;accordo! \ud83d\ude42<\/p>\n<div id=\"fb-root\"><\/div><script src=\"http:\/\/connect.facebook.net\/en_US\/all.js#xfbml=1\"><\/script><fb:like href=\"https:\/\/eleb.it\/?p=506\" send=\"false\" layout=\"standard\" width=\"450\" show_faces=\"true\" font=\"arial\" action=\"like\" colorscheme=\"light\"><\/fb:like>","protected":false},"excerpt":{"rendered":"<p>Si riparte. Le foglie iniziano a cadere, il freddo comincia a farsi sentire e le vetrine si tingono dei nuovi colori dell&#8217;autunno. E&#8217; arrivata la nuova stagione e con lei le tendenze provenienti direttamente dalle passerelle di New York, Milano e Parigi. Archiviati i colori brillanti dell&#8217;estate \u00e8 tempo di guardare alla nuova stagione con [&hellip;]<\/p>\n","protected":false},"author":2,"featured_media":0,"comment_status":"open","ping_status":"open","sticky":false,"template":"","format":"standard","meta":{"footnotes":""},"categories":[7,8],"tags":[24,29,23,9,27,28,21,26,25,10],"class_list":["post-506","post","type-post","status-publish","format-standard","hentry","category-fashion","category-style","tag-autunno-inverno-2015-2016","tag-beauty","tag-bordeaux","tag-fashion-2","tag-kiko","tag-loreal","tag-pupa","tag-rossetto","tag-smalto","tag-style-2","entry"],"aioseo_notices":[],"_links":{"self":[{"href":"https:\/\/eleb.it\/index.php?rest_route=\/wp\/v2\/posts\/506"}],"collection":[{"href":"https:\/\/eleb.it\/index.php?rest_route=\/wp\/v2\/posts"}],"about":[{"href":"https:\/\/eleb.it\/index.php?rest_route=\/wp\/v2\/types\/post"}],"author":[{"embeddable":true,"href":"https:\/\/eleb.it\/index.php?rest_route=\/wp\/v2\/users\/2"}],"replies":[{"embeddable":true,"href":"https:\/\/eleb.it\/index.php?rest_route=%2Fwp%2Fv2%2Fcomments&post=506"}],"version-history":[{"count":5,"href":"https:\/\/eleb.it\/index.php?rest_route=\/wp\/v2\/posts\/506\/revisions"}],"predecessor-version":[{"id":514,"href":"https:\/\/eleb.it\/index.php?rest_route=\/wp\/v2\/posts\/506\/revisions\/514"}],"wp:attachment":[{"href":"https:\/\/eleb.it\/index.php?rest_route=%2Fwp%2Fv2%2Fmedia&parent=506"}],"wp:term":[{"taxonomy":"category","embeddable":true,"href":"https:\/\/eleb.it\/index.php?rest_route=%2Fwp%2Fv2%2Fcategories&post=506"},{"taxonomy":"post_tag","embeddable":true,"href":"https:\/\/eleb.it\/index.php?rest_route=%2Fwp%2Fv2%2Ftags&post=506"}],"curies":[{"name":"wp","href":"https:\/\/api.w.org\/{rel}","templated":true}]}}