{"id":516,"date":"2015-11-03T16:08:40","date_gmt":"2015-11-03T15:08:40","guid":{"rendered":"https:\/\/eleb.it\/?p=516"},"modified":"2015-11-03T16:11:35","modified_gmt":"2015-11-03T15:11:35","slug":"a-tutta-felpa-basta-che-sia-super-glamour-e-un-po-vintage","status":"publish","type":"post","link":"https:\/\/eleb.it\/?p=516","title":{"rendered":"A tutta felpa&#8230; basta che sia super glamour e un p\u00f2 vintage"},"content":{"rendered":"<p>Nel mio armadio il reparto sportivo, seppur variegato, \u00e8 sempre relegato in un angolino. Ho per lo pi\u00f9 cose pratiche e semplici che uso, o usavo, per la palestra o per una passeggiata all&#8217;aria aperta. Non ho mai indossato jeans e scarpe da ginnastica neanche da adolescente, sempre meglio jeans o pantaloncini e le immancabili Converse. Improvvisamente quest&#8217;estate mi sono ritrovata a comprare un paio di sneakers, ma non quelle che si usano con una tuta per fare due passi nel tempo libero, ma un capo d&#8217;abbigliamento sul quale poi organizzare tutto l&#8217;outfit. A queste Diadora un p\u00f2 vintage ho affiancato altri modelli e poi sono magicamente arrivate le felpe. Si avete capito bene. Non quei felponi con le scritte da mettere su un paio di leggins per stare in casa, ma delle felpe glamour, con materiali<br \/>\n<a href=\"https:\/\/eleb.it\/wp-content\/uploads\/2015\/11\/Felpe-nere-rosa.jpg\"><img loading=\"lazy\" decoding=\"async\" class=\"alignleft size-thumbnail wp-image-520\" src=\"https:\/\/eleb.it\/wp-content\/uploads\/2015\/11\/Felpe-nere-rosa-150x150.jpg\" alt=\"Felpe nere rosa\" width=\"150\" height=\"150\" srcset=\"https:\/\/eleb.it\/wp-content\/uploads\/2015\/11\/Felpe-nere-rosa-150x150.jpg 150w, https:\/\/eleb.it\/wp-content\/uploads\/2015\/11\/Felpe-nere-rosa-100x100.jpg 100w\" sizes=\"(max-width: 150px) 100vw, 150px\" \/><\/a>ricercati e applicazioni. E cos\u00ec dai reparti sportivi nei negozi sono passate nei primi espositori, e nel mio armadio dalle scatole in alto sono arrivate addirittura nel cassetto del mio vecchio com\u00f2. Come sempre per me i cambiamenti non sono facili. Per questo prima di usare tutti i giorni la felpa ho timidamente iniziato a comprarne una, nera, di Zara. Poi pian piano sono passata al rosa antico e via via bianca e addirittura rossa. Ovviamente il tasto pi\u00f9 dolente \u00e8 stato come sempre l&#8217;abbinamento. Prima le ho indossate con dei classici jeans e delle Converse, poi le ho usate anche con pantaloni a culottes, ma anche con una gonna un p\u00f2 stile college. Il risultato devo dire che, nonostante lo scetticismo iniziale, alla fine \u00e8 stato soddisfacente. Le felpe sono femminili, comode e anche calde! Quest&#8217;anno mi rassegner\u00f2 e lascer\u00f2 un p\u00f2 di spazio nel guardaroba anche per le mie nuove e amate felpe. \u2764<\/p>\n<div id=\"fb-root\"><\/div><script src=\"http:\/\/connect.facebook.net\/en_US\/all.js#xfbml=1\"><\/script><fb:like href=\"https:\/\/eleb.it\/?p=516\" send=\"false\" layout=\"standard\" width=\"450\" show_faces=\"true\" font=\"arial\" action=\"like\" colorscheme=\"light\"><\/fb:like>","protected":false},"excerpt":{"rendered":"<p>Nel mio armadio il reparto sportivo, seppur variegato, \u00e8 sempre relegato in un angolino. Ho per lo pi\u00f9 cose pratiche e semplici che uso, o usavo, per la palestra o per una passeggiata all&#8217;aria aperta. Non ho mai indossato jeans e scarpe da ginnastica neanche da adolescente, sempre meglio jeans o pantaloncini e le immancabili [&hellip;]<\/p>\n","protected":false},"author":2,"featured_media":520,"comment_status":"open","ping_status":"open","sticky":false,"template":"","format":"standard","meta":{"footnotes":""},"categories":[7],"tags":[24,9,30,15,10,11],"class_list":["post-516","post","type-post","status-publish","format-standard","has-post-thumbnail","hentry","category-fashion","tag-autunno-inverno-2015-2016","tag-fashion-2","tag-felpe","tag-hm","tag-style-2","tag-zara","entry"],"aioseo_notices":[],"_links":{"self":[{"href":"https:\/\/eleb.it\/index.php?rest_route=\/wp\/v2\/posts\/516"}],"collection":[{"href":"https:\/\/eleb.it\/index.php?rest_route=\/wp\/v2\/posts"}],"about":[{"href":"https:\/\/eleb.it\/index.php?rest_route=\/wp\/v2\/types\/post"}],"author":[{"embeddable":true,"href":"https:\/\/eleb.it\/index.php?rest_route=\/wp\/v2\/users\/2"}],"replies":[{"embeddable":true,"href":"https:\/\/eleb.it\/index.php?rest_route=%2Fwp%2Fv2%2Fcomments&post=516"}],"version-history":[{"count":3,"href":"https:\/\/eleb.it\/index.php?rest_route=\/wp\/v2\/posts\/516\/revisions"}],"predecessor-version":[{"id":522,"href":"https:\/\/eleb.it\/index.php?rest_route=\/wp\/v2\/posts\/516\/revisions\/522"}],"wp:featuredmedia":[{"embeddable":true,"href":"https:\/\/eleb.it\/index.php?rest_route=\/wp\/v2\/media\/520"}],"wp:attachment":[{"href":"https:\/\/eleb.it\/index.php?rest_route=%2Fwp%2Fv2%2Fmedia&parent=516"}],"wp:term":[{"taxonomy":"category","embeddable":true,"href":"https:\/\/eleb.it\/index.php?rest_route=%2Fwp%2Fv2%2Fcategories&post=516"},{"taxonomy":"post_tag","embeddable":true,"href":"https:\/\/eleb.it\/index.php?rest_route=%2Fwp%2Fv2%2Ftags&post=516"}],"curies":[{"name":"wp","href":"https:\/\/api.w.org\/{rel}","templated":true}]}}