{"id":573,"date":"2018-10-29T13:47:33","date_gmt":"2018-10-29T12:47:33","guid":{"rendered":"https:\/\/eleb.it\/?p=573"},"modified":"2018-10-29T13:49:30","modified_gmt":"2018-10-29T12:49:30","slug":"alla-scoperta-di-saragozza-tra-tapas-gourmet-e-birra-senza-glutine-da-meli-al-tubo","status":"publish","type":"post","link":"https:\/\/eleb.it\/?p=573","title":{"rendered":"Alla scoperta di Saragozza tra tapas gourmet e birra senza glutine da Mel\u00ec al Tubo"},"content":{"rendered":"<p>&nbsp;<\/p>\n<p><a href=\"https:\/\/eleb.it\/wp-content\/uploads\/2018\/10\/IMG_20180918_222405.jpg\" rel=\"attachment wp-att-578\"><img loading=\"lazy\" decoding=\"async\" class=\"alignleft size-thumbnail wp-image-578\" src=\"https:\/\/eleb.it\/wp-content\/uploads\/2018\/10\/IMG_20180918_222405-150x150.jpg\" alt=\"\" width=\"150\" height=\"150\" srcset=\"https:\/\/eleb.it\/wp-content\/uploads\/2018\/10\/IMG_20180918_222405-150x150.jpg 150w, https:\/\/eleb.it\/wp-content\/uploads\/2018\/10\/IMG_20180918_222405-100x100.jpg 100w\" sizes=\"(max-width: 150px) 100vw, 150px\" \/><\/a>Quando i celiaci si trovano <strong>fuori casa<\/strong> devono necessariamente <strong>&#8220;adattarsi&#8221;<\/strong> e mangiare quello che trovano, ovviamente sempre senza glutine. Io &#8211; che gi\u00e0 da non celiaca ero abbastanza esigente diciamo cos\u00ec nella scelta dei ristoranti dove mangiare &#8211; impiego da 10 ai 60 minuti per trovare un posto dove poter consumare anche un pasto veloce. Se poi il pranzo o la cena sono all&#8217;estero diciamo che la scelta pu\u00f2 arrivare anche a <strong>90 minuti<\/strong>.\u00a0A parte gli scherzi oggi con le <strong>app<\/strong> dedicate al mondo <strong>senza glutine<\/strong> &#8211; di cui vi parler\u00f2 pi\u00f9 in l\u00e0 &#8211; \u00e8 diventato molto pi\u00f9 veloce capire dove poter mangiare insieme agli amici una pizza gluten free. Quest&#8217;estate durante il <strong>tour dei Paesi Baschi e dell&#8217;Aragona<\/strong> in Spagna con Luca ci siamo dovuti dare parecchio da fare per scegliere dove mangiare perch\u00e8 c&#8217;era molta scelta. L&#8217;iter da seguire era sempre lo stesso: sceglievo dove fermarmi per pranzo, poi inserivo o su Google o su delle app l&#8217;indirizzo e cercavo di capire cosa c&#8217;era in zona <strong>&#8220;sin gluten&#8221;.<\/strong>\u00a0 La decisione spesso arrivava dopo diversi minuti perch\u00e8 avendo l&#8217;opportunit\u00e0 di poter scegliere tra tanti locali &#8211; cosa che non capita spesso &#8211; ero sempre dubbiosa.<\/p>\n<p><a href=\"https:\/\/eleb.it\/wp-content\/uploads\/2018\/10\/IMG_20180918_211654.jpg\" rel=\"attachment wp-att-575\"><img loading=\"lazy\" decoding=\"async\" class=\"alignright size-thumbnail wp-image-575\" src=\"https:\/\/eleb.it\/wp-content\/uploads\/2018\/10\/IMG_20180918_211654-150x150.jpg\" alt=\"\" width=\"150\" height=\"150\" srcset=\"https:\/\/eleb.it\/wp-content\/uploads\/2018\/10\/IMG_20180918_211654-150x150.jpg 150w, https:\/\/eleb.it\/wp-content\/uploads\/2018\/10\/IMG_20180918_211654-100x100.jpg 100w\" sizes=\"(max-width: 150px) 100vw, 150px\" \/><\/a><\/p>\n<p><strong>A Saragozza<\/strong> &#8211;\u00a0capoluogo dell&#8217;Aragona affacciata sul fiume Ebro che si sviluppa intorno alla basilica barocca di Nuestra Se\u00f1ora del Pilar santuario dedicato alla Vergine Maria &#8211; ho scoperto uno scrigno gourmet che consiglio a tutti di provare. Passeggiando lungo &#8220;El Tubo&#8221;, che \u00e8 una strada molto stretta e caratteristica del centro storico di Saragozza dove la sera gli spagnoli si ritrovano per mangiare insieme e bere una birra, con il mio ragazzo avevamo individuato due o tre locali che preparavano <strong>Tapas senza glutine.<\/strong> Appena siamo arrivati davanti a<strong>\u00a0<a href=\"https:\/\/melimelozaragoza.com\/\">Mel\u00ec del Tubo<\/a><\/strong> non ho avuto pi\u00f9 dubbi: era quello il posto giusto!<\/p>\n<p>&nbsp;<\/p>\n<p><strong><a href=\"https:\/\/eleb.it\/wp-content\/uploads\/2018\/10\/IMG_20180918_211700.jpg\" rel=\"attachment wp-att-577\"><img loading=\"lazy\" decoding=\"async\" class=\"alignleft size-thumbnail wp-image-577\" src=\"https:\/\/eleb.it\/wp-content\/uploads\/2018\/10\/IMG_20180918_211700-150x150.jpg\" alt=\"\" width=\"150\" height=\"150\" srcset=\"https:\/\/eleb.it\/wp-content\/uploads\/2018\/10\/IMG_20180918_211700-150x150.jpg 150w, https:\/\/eleb.it\/wp-content\/uploads\/2018\/10\/IMG_20180918_211700-100x100.jpg 100w\" sizes=\"(max-width: 150px) 100vw, 150px\" \/><\/a>Il locale<\/strong>, molto alla moda con arredi di design, si sviluppa su due piani. Sotto \u00e8 <strong>bar-pub<\/strong> con un ampio bancone dove consumare un <strong>cocktail<\/strong> veloce dopo cena, sopra invece ci sono tavoli e sgabelli dove potersi accomodare per consumare le Tapas. Il personale, giovane e disponibile, mi ha subito messo a mio agio presentandomi un colorato men\u00f9 esclusivamente senza glutine. Non vi nego che orientarmi non \u00e8 stato facile dal momento che era scritto solo in spagnolo ma grazie alle spiegazioni della cameriera sono riuscita a ordinare ben quattro piatti! Non contenta delle Tapas in arrivo ho addirittura preso niente di meno che una <strong>Cerveza<\/strong>! Un buonissima birra alla spina senza glutine, da non crederci!<\/p>\n<p>&nbsp;<\/p>\n<p><a href=\"https:\/\/eleb.it\/wp-content\/uploads\/2018\/10\/IMG_20181029_125359.jpg\" rel=\"attachment wp-att-580\"><img loading=\"lazy\" decoding=\"async\" class=\"alignright size-thumbnail wp-image-580\" src=\"https:\/\/eleb.it\/wp-content\/uploads\/2018\/10\/IMG_20181029_125359-150x150.jpg\" alt=\"\" width=\"150\" height=\"150\" \/><\/a><\/p>\n<p>Il primo piatto mi \u00e8 arrivato dopo pochi minuti.\u00a0<strong>ENSALADA \u201cMELI\u201d<\/strong>\u00a0&#8211; ensaladilla rusa de langostinos, con carpaccio de pulpo y caviar de wasabi. Si trattava di una sorta di insalata russa con gamberi, carpaccio di polipo e caviale di wasabi. Gi\u00e0 dalla presentazione il piatto era bellissimo! Il piccolo barattolo aperto con lo scenografico gambero che usciva fuori era da fotografare, e infatti non ho potuto fare a meno di immortalarlo. Mangiandolo devo dire che non ha deluso le attese, molto fresco e gustoso. Neanche il <a href=\"https:\/\/eleb.it\/wp-content\/uploads\/2018\/10\/IMG_20181029_125435.jpg\" rel=\"attachment wp-att-579\"><img loading=\"lazy\" decoding=\"async\" class=\"alignleft size-thumbnail wp-image-579\" src=\"https:\/\/eleb.it\/wp-content\/uploads\/2018\/10\/IMG_20181029_125435-150x150.jpg\" alt=\"\" width=\"150\" height=\"150\" srcset=\"https:\/\/eleb.it\/wp-content\/uploads\/2018\/10\/IMG_20181029_125435-150x150.jpg 150w, https:\/\/eleb.it\/wp-content\/uploads\/2018\/10\/IMG_20181029_125435-100x100.jpg 100w\" sizes=\"(max-width: 150px) 100vw, 150px\" \/><\/a>tempo di finire e subito \u00e8 arrivata la seconda Tapas: <strong>&#8220;HAMBURGUESA&#8221; <\/strong>&#8211; rape y gambas\u00a0con cebolla caramelizada cio\u00e8 un\u00a0hamburger con la rapa rossa e la cipolla caramellata che mi \u00e8 stato servito per\u00f2 senza\u00a0il tradizionale pane ma con uno sfilatino caldo e croccante. Non ho resistito e l&#8217;ho divorato subito sia per la fame, sia per la curiosit\u00e0. Subito dopo mi \u00e8 arrivato il <strong>&#8220;SOLOMILLO&#8221;\u00a0<\/strong>un controfiletto con una salsa agrodolce e delle patate fritte tagliate sottili e per concludere <strong>&#8220;PATATA ASADA&#8221;<\/strong> una patata bollita e svuotata all&#8217;interno ripiena di carne macinata.<\/p>\n<p>&nbsp;<\/p>\n<p>Dire che ho divorato tutto e in tempi rapidissimi \u00e8 poco! I piatti erano belli e buoni e soprattutto a prezzi veramente contenuti: da\u00a0<a href=\"https:\/\/eleb.it\/wp-content\/uploads\/2018\/10\/IMG_20180918_211620.jpg\" rel=\"attachment wp-att-576\"><img loading=\"lazy\" decoding=\"async\" class=\"alignright size-thumbnail wp-image-576\" src=\"https:\/\/eleb.it\/wp-content\/uploads\/2018\/10\/IMG_20180918_211620-150x150.jpg\" alt=\"\" width=\"150\" height=\"150\" srcset=\"https:\/\/eleb.it\/wp-content\/uploads\/2018\/10\/IMG_20180918_211620-150x150.jpg 150w, https:\/\/eleb.it\/wp-content\/uploads\/2018\/10\/IMG_20180918_211620-100x100.jpg 100w\" sizes=\"(max-width: 150px) 100vw, 150px\" \/><\/a> 2,95 a 3,50 l&#8217;una. Sicuramente Mel\u00ec \u00e8 stata una piacevole scoperta, un posticino dove trascorrere una piacevole serata estiva, tra buon cibo e musica rilassante! Lo consiglio agli amici celiaci ma anche a chi piace sperimentare a tavola, ne vale la pena!<\/p>\n<p><strong>Mel\u00ec del Tubo<\/strong><\/p>\n<pre id=\"tw-target-text\" class=\"tw-data-text tw-ta tw-text-small\" dir=\"ltr\" data-placeholder=\"Traduzione\" data-fulltext=\"\"><\/pre>\n<p><strong>Calle Libertad, 12, 50003 Zaragoza, Spagna<\/strong><\/p>\n<p><strong>www.melimelozaragoza.com<\/strong><\/p>\n<div id=\"fb-root\"><\/div><script src=\"http:\/\/connect.facebook.net\/en_US\/all.js#xfbml=1\"><\/script><fb:like href=\"https:\/\/eleb.it\/?p=573\" send=\"false\" layout=\"standard\" width=\"450\" show_faces=\"true\" font=\"arial\" action=\"like\" colorscheme=\"light\"><\/fb:like>","protected":false},"excerpt":{"rendered":"<p>&nbsp; Quando i celiaci si trovano fuori casa devono necessariamente &#8220;adattarsi&#8221; e mangiare quello che trovano, ovviamente sempre senza glutine. Io &#8211; che gi\u00e0 da non celiaca ero abbastanza esigente diciamo cos\u00ec nella scelta dei ristoranti dove mangiare &#8211; impiego da 10 ai 60 minuti per trovare un posto dove poter consumare anche un pasto [&hellip;]<\/p>\n","protected":false},"author":2,"featured_media":580,"comment_status":"open","ping_status":"open","sticky":false,"template":"","format":"standard","meta":{"footnotes":""},"categories":[5],"tags":[],"class_list":["post-573","post","type-post","status-publish","format-standard","has-post-thumbnail","hentry","category-kitchen","entry"],"aioseo_notices":[],"_links":{"self":[{"href":"https:\/\/eleb.it\/index.php?rest_route=\/wp\/v2\/posts\/573"}],"collection":[{"href":"https:\/\/eleb.it\/index.php?rest_route=\/wp\/v2\/posts"}],"about":[{"href":"https:\/\/eleb.it\/index.php?rest_route=\/wp\/v2\/types\/post"}],"author":[{"embeddable":true,"href":"https:\/\/eleb.it\/index.php?rest_route=\/wp\/v2\/users\/2"}],"replies":[{"embeddable":true,"href":"https:\/\/eleb.it\/index.php?rest_route=%2Fwp%2Fv2%2Fcomments&post=573"}],"version-history":[{"count":1,"href":"https:\/\/eleb.it\/index.php?rest_route=\/wp\/v2\/posts\/573\/revisions"}],"predecessor-version":[{"id":581,"href":"https:\/\/eleb.it\/index.php?rest_route=\/wp\/v2\/posts\/573\/revisions\/581"}],"wp:featuredmedia":[{"embeddable":true,"href":"https:\/\/eleb.it\/index.php?rest_route=\/wp\/v2\/media\/580"}],"wp:attachment":[{"href":"https:\/\/eleb.it\/index.php?rest_route=%2Fwp%2Fv2%2Fmedia&parent=573"}],"wp:term":[{"taxonomy":"category","embeddable":true,"href":"https:\/\/eleb.it\/index.php?rest_route=%2Fwp%2Fv2%2Fcategories&post=573"},{"taxonomy":"post_tag","embeddable":true,"href":"https:\/\/eleb.it\/index.php?rest_route=%2Fwp%2Fv2%2Ftags&post=573"}],"curies":[{"name":"wp","href":"https:\/\/api.w.org\/{rel}","templated":true}]}}