{"id":602,"date":"2018-10-31T10:28:48","date_gmt":"2018-10-31T09:28:48","guid":{"rendered":"https:\/\/eleb.it\/?p=602"},"modified":"2020-06-04T10:22:42","modified_gmt":"2020-06-04T08:22:42","slug":"ecco-i-cake-pops-simpatici-e-facili-dolcetti-senza-glutine-che-conquistano-subito-tutti","status":"publish","type":"post","link":"https:\/\/eleb.it\/?p=602","title":{"rendered":"Ecco i Cake pops, simpatici e facili dolcetti senza glutine che conquistano subito tutti"},"content":{"rendered":"<p><a href=\"https:\/\/eleb.it\/wp-content\/uploads\/2018\/10\/IMG_20181031_094313.jpg\" rel=\"attachment wp-att-594\"><img loading=\"lazy\" decoding=\"async\" class=\"alignleft size-thumbnail wp-image-594\" src=\"https:\/\/eleb.it\/wp-content\/uploads\/2018\/10\/IMG_20181031_094313-150x150.jpg\" alt=\"\" width=\"150\" height=\"150\" srcset=\"https:\/\/eleb.it\/wp-content\/uploads\/2018\/10\/IMG_20181031_094313-150x150.jpg 150w, https:\/\/eleb.it\/wp-content\/uploads\/2018\/10\/IMG_20181031_094313-100x100.jpg 100w\" sizes=\"(max-width: 150px) 100vw, 150px\" \/><\/a><\/p>\n<p>Come recita il detto:\u00a0<strong>si mangia prima con gli occhi e poi con il palato<\/strong>! E infatti \u00e8 scientificamente provato che quando\u00a0 scegliamo qualcosa da mangiare siamo prima di tutto conquistati dall&#8217;aspetto e poi dagli ingredienti. Preparare qualcosa di simpatico era la mia missione e sono sicura che con i\u00a0<strong>Cake pops<\/strong>\u00a0ci sono riuscita in pieno! Chiariamo subito che non si tratta di un dolce elaborato ma di un stuzzichino veloce e semplice da preparare.<\/p>\n<p>&nbsp;<\/p>\n<p>&nbsp;<\/p>\n<p><strong>Per realizzarne circa 25 ho utilizzato:\u00a0<\/strong><a href=\"https:\/\/eleb.it\/wp-content\/uploads\/2018\/10\/IMG_20181026_161422.jpg\" rel=\"attachment wp-att-591\"><img loading=\"lazy\" decoding=\"async\" class=\"alignright size-thumbnail wp-image-591\" src=\"https:\/\/eleb.it\/wp-content\/uploads\/2018\/10\/IMG_20181026_161422-150x150.jpg\" alt=\"\" width=\"150\" height=\"150\" srcset=\"https:\/\/eleb.it\/wp-content\/uploads\/2018\/10\/IMG_20181026_161422-150x150.jpg 150w, https:\/\/eleb.it\/wp-content\/uploads\/2018\/10\/IMG_20181026_161422-100x100.jpg 100w\" sizes=\"(max-width: 150px) 100vw, 150px\" \/><\/a><\/p>\n<p>&#8211;\u00a02\u00a0Lemon cake della Schar da 250 grammi (in alternativa va bene anche un pan di Spagna preparato in casa)<\/p>\n<p>&#8211;\u00a04\u00a0cucchiai di marmellata Rigoni di Asiago di albicocche<\/p>\n<p>&#8211; 400 grammi di cioccolato bianco e fondente Zaini Milano<\/p>\n<p>&#8211; 3 pacchetti di codette e cuoricini colorati Decor\u00ec<\/p>\n<p>Bastoncini in legno<\/p>\n<p>&nbsp;<\/p>\n<p><a href=\"https:\/\/eleb.it\/wp-content\/uploads\/2018\/10\/IMG_20181026_171756-e1540977737567.jpg\" rel=\"attachment wp-att-598\"><img loading=\"lazy\" decoding=\"async\" class=\"alignright size-thumbnail wp-image-598\" src=\"https:\/\/eleb.it\/wp-content\/uploads\/2018\/10\/IMG_20181026_171756-e1540977737567-150x150.jpg\" alt=\"\" width=\"150\" height=\"150\" srcset=\"https:\/\/eleb.it\/wp-content\/uploads\/2018\/10\/IMG_20181026_171756-e1540977737567-150x150.jpg 150w, https:\/\/eleb.it\/wp-content\/uploads\/2018\/10\/IMG_20181026_171756-e1540977737567-100x100.jpg 100w\" sizes=\"(max-width: 150px) 100vw, 150px\" \/><\/a><\/p>\n<p><strong><a href=\"https:\/\/eleb.it\/wp-content\/uploads\/2018\/10\/IMG_20181031_102142.jpg\" rel=\"attachment wp-att-601\"><img loading=\"lazy\" decoding=\"async\" class=\"alignleft size-thumbnail wp-image-601\" src=\"https:\/\/eleb.it\/wp-content\/uploads\/2018\/10\/IMG_20181031_102142-150x150.jpg\" alt=\"\" width=\"150\" height=\"150\" srcset=\"https:\/\/eleb.it\/wp-content\/uploads\/2018\/10\/IMG_20181031_102142-150x150.jpg 150w, https:\/\/eleb.it\/wp-content\/uploads\/2018\/10\/IMG_20181031_102142-100x100.jpg 100w\" sizes=\"(max-width: 150px) 100vw, 150px\" \/><\/a>Il primo passaggio<\/strong>\u00a0\u00e8 stato quello di sgretolare in una grande terrina le due Lemon cake e ridurle in briciole. Una volta terminato ho unito i quattro cucchiai di marmellata e ho impastato tutto. Quando il composto era omogeneo ha creato tutte piccole palline che ho adagiato su della carta forno per evitare che si incollassero nel vassoio e poi le ho fatte riposare in freezer per mezz&#8217;ora.<\/p>\n<p>&nbsp;<\/p>\n<p>&nbsp;<\/p>\n<p><strong><a href=\"https:\/\/eleb.it\/wp-content\/uploads\/2018\/10\/IMG_20181026_171951-1.jpg\" rel=\"attachment wp-att-599\"><img loading=\"lazy\" decoding=\"async\" class=\"alignleft size-thumbnail wp-image-599\" src=\"https:\/\/eleb.it\/wp-content\/uploads\/2018\/10\/IMG_20181026_171951-1-150x150.jpg\" alt=\"\" width=\"150\" height=\"150\" \/><\/a>Mi sono accorta<\/strong>\u00a0che questo passaggio \u00e8 fondamentale perch\u00e8 il composto si \u00e8 amalgamato a perfezione <a href=\"https:\/\/eleb.it\/wp-content\/uploads\/2018\/10\/IMG_20181031_094343.jpg\" rel=\"attachment wp-att-595\"><img loading=\"lazy\" decoding=\"async\" class=\"alignright size-thumbnail wp-image-595\" src=\"https:\/\/eleb.it\/wp-content\/uploads\/2018\/10\/IMG_20181031_094343-150x150.jpg\" alt=\"\" width=\"150\" height=\"150\" srcset=\"https:\/\/eleb.it\/wp-content\/uploads\/2018\/10\/IMG_20181031_094343-150x150.jpg 150w, https:\/\/eleb.it\/wp-content\/uploads\/2018\/10\/IMG_20181031_094343-100x100.jpg 100w\" sizes=\"(max-width: 150px) 100vw, 150px\" \/><\/a>e si \u00e8 preparato al meglio per accogliere il cioccolato. Mentre i Cake riposavano in frigo ho fatto sciogliere in due ciotoline separate il cioccolato e ho preparato le codette e i bastoncini. Subito dopo ho tirato fuori le palline dal freezer, ho infilato a ognuna uno stecchino e le ho immerse, una alla volta, nel cioccolato caldo &#8211; o bianco, o nero &#8211; e poi nelle codette. Le ho poi sistemate di nuovo sul vassoio con la carta forno e le ho fatte riposare in frigorifero. Una volta pronte le ho sistemate in un vecchio barattolo della Nutella &#8211; perch\u00e8 io non butto mai niente &#8211; che ho decorato con dei merletti, e le ho presentate come fossero un bouquet di fiori! Ovviamente i bambini sono stati subito conquistati da questi lecca &#8211; lecca al cioccolato che sono piaciuti anche ai grandi&#8230;<\/p>\n<p>&nbsp;<\/p>\n<p><strong><a href=\"https:\/\/eleb.it\/wp-content\/uploads\/2018\/10\/IMG_20181031_094430.jpg\" rel=\"attachment wp-att-589\"><img loading=\"lazy\" decoding=\"async\" class=\"alignright size-thumbnail wp-image-589\" src=\"https:\/\/eleb.it\/wp-content\/uploads\/2018\/10\/IMG_20181031_094430-150x150.jpg\" alt=\"\" width=\"150\" height=\"150\" srcset=\"https:\/\/eleb.it\/wp-content\/uploads\/2018\/10\/IMG_20181031_094430-150x150.jpg 150w, https:\/\/eleb.it\/wp-content\/uploads\/2018\/10\/IMG_20181031_094430-300x300.jpg 300w, https:\/\/eleb.it\/wp-content\/uploads\/2018\/10\/IMG_20181031_094430-768x766.jpg 768w, https:\/\/eleb.it\/wp-content\/uploads\/2018\/10\/IMG_20181031_094430-1024x1022.jpg 1024w, https:\/\/eleb.it\/wp-content\/uploads\/2018\/10\/IMG_20181031_094430-100x100.jpg 100w\" sizes=\"(max-width: 150px) 100vw, 150px\" \/><\/a>Ps.<\/strong>\u00a0i Cake pops non devono essere realizzati necessariamente senza glutine, se volete fare una variante glutinata basta sostituire la Lemon cake Shar con una qualsiasi torta morbida pronta a sbriciolarsi facilmente!<\/p>\n<div id=\"fb-root\"><\/div><script src=\"http:\/\/connect.facebook.net\/en_US\/all.js#xfbml=1\"><\/script><fb:like href=\"https:\/\/eleb.it\/?p=602\" send=\"false\" layout=\"standard\" width=\"450\" show_faces=\"true\" font=\"arial\" action=\"like\" colorscheme=\"light\"><\/fb:like>","protected":false},"excerpt":{"rendered":"<p>Come recita il detto:\u00a0si mangia prima con gli occhi e poi con il palato! E infatti \u00e8 scientificamente provato che quando\u00a0 scegliamo qualcosa da mangiare siamo prima di tutto conquistati dall&#8217;aspetto e poi dagli ingredienti. Preparare qualcosa di simpatico era la mia missione e sono sicura che con i\u00a0Cake pops\u00a0ci sono riuscita in pieno! Chiariamo [&hellip;]<\/p>\n","protected":false},"author":2,"featured_media":599,"comment_status":"open","ping_status":"open","sticky":false,"template":"","format":"standard","meta":{"footnotes":""},"categories":[4],"tags":[],"class_list":["post-602","post","type-post","status-publish","format-standard","has-post-thumbnail","hentry","category-blog","entry"],"aioseo_notices":[],"_links":{"self":[{"href":"https:\/\/eleb.it\/index.php?rest_route=\/wp\/v2\/posts\/602"}],"collection":[{"href":"https:\/\/eleb.it\/index.php?rest_route=\/wp\/v2\/posts"}],"about":[{"href":"https:\/\/eleb.it\/index.php?rest_route=\/wp\/v2\/types\/post"}],"author":[{"embeddable":true,"href":"https:\/\/eleb.it\/index.php?rest_route=\/wp\/v2\/users\/2"}],"replies":[{"embeddable":true,"href":"https:\/\/eleb.it\/index.php?rest_route=%2Fwp%2Fv2%2Fcomments&post=602"}],"version-history":[{"count":2,"href":"https:\/\/eleb.it\/index.php?rest_route=\/wp\/v2\/posts\/602\/revisions"}],"predecessor-version":[{"id":679,"href":"https:\/\/eleb.it\/index.php?rest_route=\/wp\/v2\/posts\/602\/revisions\/679"}],"wp:featuredmedia":[{"embeddable":true,"href":"https:\/\/eleb.it\/index.php?rest_route=\/wp\/v2\/media\/599"}],"wp:attachment":[{"href":"https:\/\/eleb.it\/index.php?rest_route=%2Fwp%2Fv2%2Fmedia&parent=602"}],"wp:term":[{"taxonomy":"category","embeddable":true,"href":"https:\/\/eleb.it\/index.php?rest_route=%2Fwp%2Fv2%2Fcategories&post=602"},{"taxonomy":"post_tag","embeddable":true,"href":"https:\/\/eleb.it\/index.php?rest_route=%2Fwp%2Fv2%2Ftags&post=602"}],"curies":[{"name":"wp","href":"https:\/\/api.w.org\/{rel}","templated":true}]}}