{"id":616,"date":"2018-11-08T18:10:51","date_gmt":"2018-11-08T17:10:51","guid":{"rendered":"https:\/\/eleb.it\/?p=616"},"modified":"2018-11-08T18:10:51","modified_gmt":"2018-11-08T17:10:51","slug":"il-profumo-dei-biscotti-arancia-e-cannella-viall-food-senza-glutine-rallegreranno-i-vostri-pomeriggi","status":"publish","type":"post","link":"https:\/\/eleb.it\/?p=616","title":{"rendered":"Il profumo dei biscotti arancia e cannella Viall food senza glutine rallegreranno i vostri pomeriggi"},"content":{"rendered":"<p><a href=\"https:\/\/eleb.it\/wp-content\/uploads\/2018\/11\/biscotti.jpg\" rel=\"attachment wp-att-617\"><img loading=\"lazy\" decoding=\"async\" class=\"alignright size-thumbnail wp-image-617\" src=\"https:\/\/eleb.it\/wp-content\/uploads\/2018\/11\/biscotti-150x150.jpg\" alt=\"biscotti\" width=\"150\" height=\"150\" \/><\/a>Ci sono profumi che sono legati ai ricordi spesso pi\u00f9 delle immagini. Quell&#8217;odore che sprigiona il camino quando c&#8217;\u00e8 il fuoco acceso o il mandarino quando lo capi poco prima di mangiarlo incarnano un p\u00f2 l&#8217;inverno e il Natale. Quando stavo scegliendo dei biscotti &#8220;sani&#8221; da tenere in dispensa per un attacco di &#8220;voglia di dolce&#8221; la mia attenzione \u00e8 stata subito rapita dai prodotti\u00a0<strong>Viall food.<\/strong> La linea Fruit, infatti, ha dei gusti che conquistano subito tutti. Io sono stata catturata dai biscotti &#8220;Apple&#8221; con <strong>mela e cannella<\/strong>, ma anche quelli ai frutti rossi e Ace non devono essere male.<\/p>\n<p>In uno dei primi pomeriggi invernali della stagione ho deciso di fare uno strappo alla regola e di intingere <strong>nel mio canonico t\u00e8<\/strong> delle 17 &#8211; il terzo della giornata &#8211; un paio di biscotti arancia e cannella. Il risultato \u00e8 stato pi\u00f9 che soddisfacente. Innanzitutto appena ho aperto il pacco un forte odore di inverno ha invaso il mio studio. L&#8217;arancia e la cannella ha dominato tutto e mi hanno subito spinto a provarne uno. I biscotti Viall food non sono solo <strong>senza glutine<\/strong>, non hanno anche il lattosio, l&#8217;olio di Palma e le uova. Eppure, detta cos\u00ec vi sembrer\u00e0 strano, ma sono strepitosi. Non si rompono appena si bagnano, sono gustosi e hanno dentro dei pezzettini di frutta squisiti. Alla fine sono stata costretta a mangiare un paio per capire bene e non mi ero sbagliata sono veramente buoni. Tra l&#8217;altro sono leggeri, hanno zucchero di canna e mangiandoli risultato friabili e morbidi. Una bella scoperta per una piccola pausa pomeridiana dal sapore invernale!<\/p>\n<div id=\"fb-root\"><\/div><script src=\"http:\/\/connect.facebook.net\/en_US\/all.js#xfbml=1\"><\/script><fb:like href=\"https:\/\/eleb.it\/?p=616\" send=\"false\" layout=\"standard\" width=\"450\" show_faces=\"true\" font=\"arial\" action=\"like\" colorscheme=\"light\"><\/fb:like>","protected":false},"excerpt":{"rendered":"<p>Ci sono profumi che sono legati ai ricordi spesso pi\u00f9 delle immagini. Quell&#8217;odore che sprigiona il camino quando c&#8217;\u00e8 il fuoco acceso o il mandarino quando lo capi poco prima di mangiarlo incarnano un p\u00f2 l&#8217;inverno e il Natale. Quando stavo scegliendo dei biscotti &#8220;sani&#8221; da tenere in dispensa per un attacco di &#8220;voglia di [&hellip;]<\/p>\n","protected":false},"author":2,"featured_media":617,"comment_status":"open","ping_status":"open","sticky":false,"template":"","format":"standard","meta":{"footnotes":""},"categories":[4,5],"tags":[35,42,36,44,43],"class_list":["post-616","post","type-post","status-publish","format-standard","has-post-thumbnail","hentry","category-blog","category-kitchen","tag-gluten-free","tag-no-gluten","tag-senza-glutine","tag-senza-glutine-ma-con-gusto","tag-sin-gluten","entry"],"aioseo_notices":[],"_links":{"self":[{"href":"https:\/\/eleb.it\/index.php?rest_route=\/wp\/v2\/posts\/616"}],"collection":[{"href":"https:\/\/eleb.it\/index.php?rest_route=\/wp\/v2\/posts"}],"about":[{"href":"https:\/\/eleb.it\/index.php?rest_route=\/wp\/v2\/types\/post"}],"author":[{"embeddable":true,"href":"https:\/\/eleb.it\/index.php?rest_route=\/wp\/v2\/users\/2"}],"replies":[{"embeddable":true,"href":"https:\/\/eleb.it\/index.php?rest_route=%2Fwp%2Fv2%2Fcomments&post=616"}],"version-history":[{"count":1,"href":"https:\/\/eleb.it\/index.php?rest_route=\/wp\/v2\/posts\/616\/revisions"}],"predecessor-version":[{"id":618,"href":"https:\/\/eleb.it\/index.php?rest_route=\/wp\/v2\/posts\/616\/revisions\/618"}],"wp:featuredmedia":[{"embeddable":true,"href":"https:\/\/eleb.it\/index.php?rest_route=\/wp\/v2\/media\/617"}],"wp:attachment":[{"href":"https:\/\/eleb.it\/index.php?rest_route=%2Fwp%2Fv2%2Fmedia&parent=616"}],"wp:term":[{"taxonomy":"category","embeddable":true,"href":"https:\/\/eleb.it\/index.php?rest_route=%2Fwp%2Fv2%2Fcategories&post=616"},{"taxonomy":"post_tag","embeddable":true,"href":"https:\/\/eleb.it\/index.php?rest_route=%2Fwp%2Fv2%2Ftags&post=616"}],"curies":[{"name":"wp","href":"https:\/\/api.w.org\/{rel}","templated":true}]}}