{"id":650,"date":"2018-11-30T10:14:42","date_gmt":"2018-11-30T09:14:42","guid":{"rendered":"https:\/\/eleb.it\/?p=650"},"modified":"2018-11-30T10:23:27","modified_gmt":"2018-11-30T09:23:27","slug":"celicioso-gluten-free-bakery-una-scoperta-tutta-senza-glutine-nel-cuore-di-chueca-a-madrid","status":"publish","type":"post","link":"https:\/\/eleb.it\/?p=650","title":{"rendered":"Celicioso gluten free bakery, una scoperta tutta senza glutine nel cuore di Chueca a Madrid!"},"content":{"rendered":"<p>Q<a href=\"https:\/\/eleb.it\/wp-content\/uploads\/2018\/11\/Madrid-10.jpg\" rel=\"attachment wp-att-652\"><img loading=\"lazy\" decoding=\"async\" class=\"alignleft size-thumbnail wp-image-652\" src=\"https:\/\/eleb.it\/wp-content\/uploads\/2018\/11\/Madrid-10-150x150.jpg\" alt=\"Madrid 10\" width=\"150\" height=\"150\" srcset=\"https:\/\/eleb.it\/wp-content\/uploads\/2018\/11\/Madrid-10-150x150.jpg 150w, https:\/\/eleb.it\/wp-content\/uploads\/2018\/11\/Madrid-10-100x100.jpg 100w\" sizes=\"(max-width: 150px) 100vw, 150px\" \/><\/a>uando un celiaco parte per un viaggio ha sempre paura che non trover\u00e0 nulla da mangiare. Nonostante le varie ricerche che si fanno quando si \u00e8 ancora a casa \u00e8 sempre difficile stare tranquilli. A giugno sono partita per Madrid con degli amici, le informazioni raccolte erano tutte positive e con me avevo portato solo qualche pacchetto di pane e delle gallette per la colazione. Avevo letto che i fast food avevano men\u00f9 senza glutine e questo gi\u00e0 mi aveva rassicurato.<\/p>\n<p>Una volta arrivati all&#8217;aeroporto abbiamo preso un taxi diretto al\u00a0quartiere Chueca dove si trovava il nostro appartamento. La scelta della location non \u00e8 stata casuale. Ho preferito infatti optare per un loft piuttosto che per un hotel per assicurarmi almeno la colazione! Una volta a Madrid, infatti, contavo di fare una spesa gluten free e di fare colazione a casa. E infatti cos\u00ec \u00e8 stato.<\/p>\n<p>Quando sono scesa dal taxi ho avuto il solito stupore per l&#8217;architettura del quartiere e l&#8217;aria che si respirava. La strada, dove erano<a href=\"https:\/\/eleb.it\/wp-content\/uploads\/2018\/11\/Madrid-7.jpg\" rel=\"attachment wp-att-654\"><img loading=\"lazy\" decoding=\"async\" class=\"alignright size-thumbnail wp-image-654\" src=\"https:\/\/eleb.it\/wp-content\/uploads\/2018\/11\/Madrid-7-150x150.jpg\" alt=\"Madrid 7\" width=\"150\" height=\"150\" srcset=\"https:\/\/eleb.it\/wp-content\/uploads\/2018\/11\/Madrid-7-150x150.jpg 150w, https:\/\/eleb.it\/wp-content\/uploads\/2018\/11\/Madrid-7-100x100.jpg 100w\" sizes=\"(max-width: 150px) 100vw, 150px\" \/><\/a> in corso dei lavori, era piena di gente che andava e veniva rapidamente, dei caratteristici palazzi e un vociare continuo. A catturare la mia attenzione, per\u00f2, \u00e8 stato un piccolo bistrot che si trovava a un lato della strada dove troneggiava una scritta molto esplicita &#8220;Celicioso gluten free bakery&#8221;. Non potevo crederci, un locale evidentemente gluten free a due passi dal nostro alloggio.<\/p>\n<p>Il mio istinto \u00e8 stato quello di avvicinarmi subito e di capire di cosa si trattava. La bakery era molto caratteristica, con un grande tavolo al centro per un caff\u00e8 condiviso e tanti tavolinetti dove soffermarsi a mangiare una delle super torte o delle grandi baguette salate esposte nel bancone. Volevo entrare immediatamente, ma poi ho pensato di rimandare alle ore successive la visita cos\u00ec da poter immagazzinare energie per la giornata.<\/p>\n<p><a href=\"https:\/\/eleb.it\/wp-content\/uploads\/2018\/11\/Madrid-8.jpg\" rel=\"attachment wp-att-653\"><img loading=\"lazy\" decoding=\"async\" class=\"alignleft size-thumbnail wp-image-653\" src=\"https:\/\/eleb.it\/wp-content\/uploads\/2018\/11\/Madrid-8-150x150.jpg\" alt=\"Madrid 8\" width=\"150\" height=\"150\" srcset=\"https:\/\/eleb.it\/wp-content\/uploads\/2018\/11\/Madrid-8-150x150.jpg 150w, https:\/\/eleb.it\/wp-content\/uploads\/2018\/11\/Madrid-8-100x100.jpg 100w\" sizes=\"(max-width: 150px) 100vw, 150px\" \/><\/a>In tarda mattinata sono partita alla conquista di &#8220;Celicioso&#8221;. Come sempre appena entrata mi sono assicurata che fosse tutto &#8220;sin gluten&#8221; e al terzo s\u00ec mi sono messa alla ricerca della torta da mangiare. La scelta \u00e8 stata difficile. Ce n&#8217;erano veramente per tutti i gusti e la maggior parte erano senza glutine e senza lattosio, alcune anche vegane. Tra una cheese cake ai frutti di bosco, una torta alla carota ricoperta da una ganache e un&#8217;altra alla banana e cioccolata sono andata su una vera e propria bomba calorica. Ho preso una torta con mousse ai frutti di bosco e base al cioccolato. Per non appesantirmi ho accompagnato tutto con un t\u00e8 alla menta freddo.<\/p>\n<p>La torta, contrariamente a quanto pensavo, non era dolce. La base conteneva dello zucchero di canna probabilmente e delle <a href=\"https:\/\/eleb.it\/wp-content\/uploads\/2018\/11\/Madrid-1.jpg\" rel=\"attachment wp-att-657\"><img loading=\"lazy\" decoding=\"async\" class=\"alignright size-thumbnail wp-image-657\" src=\"https:\/\/eleb.it\/wp-content\/uploads\/2018\/11\/Madrid-1-150x150.jpg\" alt=\"\" width=\"150\" height=\"150\" srcset=\"https:\/\/eleb.it\/wp-content\/uploads\/2018\/11\/Madrid-1-150x150.jpg 150w, https:\/\/eleb.it\/wp-content\/uploads\/2018\/11\/Madrid-1-100x100.jpg 100w\" sizes=\"(max-width: 150px) 100vw, 150px\" \/><\/a>nocciole molto sottili. Il ripieno, invece, era soffice e ricoperto da fragole e frutti di bosco. L&#8217;ho mangiata lentamente, forchetta dopo forchetta, e subito ho pensato a quella da prendere il giorno dopo. Nei\u00a0tre giorni di permanenza le ho provate quasi tutte anche dividendole con gli altri amici. I prezzi, nonostante le torte fossero molto particolari, erano contenuti e non c&#8217;era servizio al tavolo. Una vera scoperta che, neanche a dirlo, mi ha riempito di gioia e di calorie!!!<\/p>\n<p>&nbsp;<\/p>\n<p>Oltre a Celicioso a Madrid ho scoperto anche altri locali con men\u00f9 rigorosamente senza glutine, ma di questo vi parler\u00f2 pi\u00f9 in l\u00e0!<\/p>\n\n\t\t<style type=\"text\/css\">\n\t\t\t#gallery-1 {\n\t\t\t\tmargin: auto;\n\t\t\t}\n\t\t\t#gallery-1 .gallery-item {\n\t\t\t\tfloat: left;\n\t\t\t\tmargin-top: 10px;\n\t\t\t\ttext-align: center;\n\t\t\t\twidth: 33%;\n\t\t\t}\n\t\t\t#gallery-1 img {\n\t\t\t\tborder: 2px solid #cfcfcf;\n\t\t\t}\n\t\t\t#gallery-1 .gallery-caption {\n\t\t\t\tmargin-left: 0;\n\t\t\t}\n\t\t\t\/* see gallery_shortcode() in wp-includes\/media.php *\/\n\t\t<\/style>\n\t\t<div id='gallery-1' class='gallery galleryid-650 gallery-columns-3 gallery-size-thumbnail'><dl class='gallery-item'>\n\t\t\t<dt class='gallery-icon portrait'>\n\t\t\t\t<a href='https:\/\/eleb.it\/?attachment_id=660'><img loading=\"lazy\" decoding=\"async\" width=\"150\" height=\"150\" src=\"https:\/\/eleb.it\/wp-content\/uploads\/2018\/11\/Madrid-4-150x150.jpg\" class=\"attachment-thumbnail size-thumbnail\" alt=\"\" srcset=\"https:\/\/eleb.it\/wp-content\/uploads\/2018\/11\/Madrid-4-150x150.jpg 150w, https:\/\/eleb.it\/wp-content\/uploads\/2018\/11\/Madrid-4-100x100.jpg 100w\" sizes=\"(max-width: 150px) 100vw, 150px\" \/><\/a>\n\t\t\t<\/dt><\/dl><dl class='gallery-item'>\n\t\t\t<dt class='gallery-icon landscape'>\n\t\t\t\t<a href='https:\/\/eleb.it\/?attachment_id=659'><img loading=\"lazy\" decoding=\"async\" width=\"150\" height=\"150\" src=\"https:\/\/eleb.it\/wp-content\/uploads\/2018\/11\/Madrid-3-150x150.jpg\" class=\"attachment-thumbnail size-thumbnail\" alt=\"\" srcset=\"https:\/\/eleb.it\/wp-content\/uploads\/2018\/11\/Madrid-3-150x150.jpg 150w, https:\/\/eleb.it\/wp-content\/uploads\/2018\/11\/Madrid-3-100x100.jpg 100w\" sizes=\"(max-width: 150px) 100vw, 150px\" \/><\/a>\n\t\t\t<\/dt><\/dl><dl class='gallery-item'>\n\t\t\t<dt class='gallery-icon portrait'>\n\t\t\t\t<a href='https:\/\/eleb.it\/?attachment_id=658'><img loading=\"lazy\" decoding=\"async\" width=\"150\" height=\"150\" src=\"https:\/\/eleb.it\/wp-content\/uploads\/2018\/11\/Madrid-2-150x150.jpg\" class=\"attachment-thumbnail size-thumbnail\" alt=\"\" srcset=\"https:\/\/eleb.it\/wp-content\/uploads\/2018\/11\/Madrid-2-150x150.jpg 150w, https:\/\/eleb.it\/wp-content\/uploads\/2018\/11\/Madrid-2-100x100.jpg 100w\" sizes=\"(max-width: 150px) 100vw, 150px\" \/><\/a>\n\t\t\t<\/dt><\/dl><br style=\"clear: both\" \/><dl class='gallery-item'>\n\t\t\t<dt class='gallery-icon portrait'>\n\t\t\t\t<a href='https:\/\/eleb.it\/?attachment_id=656'><img loading=\"lazy\" decoding=\"async\" width=\"150\" height=\"150\" src=\"https:\/\/eleb.it\/wp-content\/uploads\/2018\/11\/Madrid-11-1-150x150.jpg\" class=\"attachment-thumbnail size-thumbnail\" alt=\"\" srcset=\"https:\/\/eleb.it\/wp-content\/uploads\/2018\/11\/Madrid-11-1-150x150.jpg 150w, https:\/\/eleb.it\/wp-content\/uploads\/2018\/11\/Madrid-11-1-100x100.jpg 100w\" sizes=\"(max-width: 150px) 100vw, 150px\" \/><\/a>\n\t\t\t<\/dt><\/dl><dl class='gallery-item'>\n\t\t\t<dt class='gallery-icon portrait'>\n\t\t\t\t<a href='https:\/\/eleb.it\/?attachment_id=655'><img loading=\"lazy\" decoding=\"async\" width=\"150\" height=\"150\" src=\"https:\/\/eleb.it\/wp-content\/uploads\/2018\/11\/Madrid-5-150x150.jpg\" class=\"attachment-thumbnail size-thumbnail\" alt=\"\" srcset=\"https:\/\/eleb.it\/wp-content\/uploads\/2018\/11\/Madrid-5-150x150.jpg 150w, https:\/\/eleb.it\/wp-content\/uploads\/2018\/11\/Madrid-5-100x100.jpg 100w\" sizes=\"(max-width: 150px) 100vw, 150px\" \/><\/a>\n\t\t\t<\/dt><\/dl>\n\t\t\t<br style='clear: both' \/>\n\t\t<\/div>\n\n<p><strong>Celicioso gluten free bakery<\/strong><br \/>\nCalle de Hortaleza, 3,<br \/>\n28004 Madrid, Spagna<br \/>\nTel. +34 915 31 88 87<\/p>\n<div id=\"fb-root\"><\/div><script src=\"http:\/\/connect.facebook.net\/en_US\/all.js#xfbml=1\"><\/script><fb:like href=\"https:\/\/eleb.it\/?p=650\" send=\"false\" layout=\"standard\" width=\"450\" show_faces=\"true\" font=\"arial\" action=\"like\" colorscheme=\"light\"><\/fb:like>","protected":false},"excerpt":{"rendered":"<p>Quando un celiaco parte per un viaggio ha sempre paura che non trover\u00e0 nulla da mangiare. Nonostante le varie ricerche che si fanno quando si \u00e8 ancora a casa \u00e8 sempre difficile stare tranquilli. A giugno sono partita per Madrid con degli amici, le informazioni raccolte erano tutte positive e con me avevo portato solo [&hellip;]<\/p>\n","protected":false},"author":2,"featured_media":662,"comment_status":"open","ping_status":"open","sticky":false,"template":"","format":"standard","meta":{"footnotes":""},"categories":[5],"tags":[],"class_list":["post-650","post","type-post","status-publish","format-standard","has-post-thumbnail","hentry","category-kitchen","entry"],"aioseo_notices":[],"_links":{"self":[{"href":"https:\/\/eleb.it\/index.php?rest_route=\/wp\/v2\/posts\/650"}],"collection":[{"href":"https:\/\/eleb.it\/index.php?rest_route=\/wp\/v2\/posts"}],"about":[{"href":"https:\/\/eleb.it\/index.php?rest_route=\/wp\/v2\/types\/post"}],"author":[{"embeddable":true,"href":"https:\/\/eleb.it\/index.php?rest_route=\/wp\/v2\/users\/2"}],"replies":[{"embeddable":true,"href":"https:\/\/eleb.it\/index.php?rest_route=%2Fwp%2Fv2%2Fcomments&post=650"}],"version-history":[{"count":1,"href":"https:\/\/eleb.it\/index.php?rest_route=\/wp\/v2\/posts\/650\/revisions"}],"predecessor-version":[{"id":661,"href":"https:\/\/eleb.it\/index.php?rest_route=\/wp\/v2\/posts\/650\/revisions\/661"}],"wp:featuredmedia":[{"embeddable":true,"href":"https:\/\/eleb.it\/index.php?rest_route=\/wp\/v2\/media\/662"}],"wp:attachment":[{"href":"https:\/\/eleb.it\/index.php?rest_route=%2Fwp%2Fv2%2Fmedia&parent=650"}],"wp:term":[{"taxonomy":"category","embeddable":true,"href":"https:\/\/eleb.it\/index.php?rest_route=%2Fwp%2Fv2%2Fcategories&post=650"},{"taxonomy":"post_tag","embeddable":true,"href":"https:\/\/eleb.it\/index.php?rest_route=%2Fwp%2Fv2%2Ftags&post=650"}],"curies":[{"name":"wp","href":"https:\/\/api.w.org\/{rel}","templated":true}]}}